{"id":1502,"date":"2023-04-18T09:48:00","date_gmt":"2023-04-18T09:48:00","guid":{"rendered":"https:\/\/telediarioqueretaro.co\/?p=1502"},"modified":"2023-04-18T02:52:32","modified_gmt":"2023-04-18T02:52:32","slug":"quienes-reciben-devolucion-de-saldo-a-favor-y-cuando-deposita-el-sat","status":"publish","type":"post","link":"https:\/\/telediarioqueretaro.co\/?p=1502","title":{"rendered":"\u00bfQui\u00e9nes reciben devoluci\u00f3n de saldo a favor y cu\u00e1ndo deposita el SAT?"},"content":{"rendered":"\n<figure class=\"wp-block-image size-large\"><img loading=\"lazy\" decoding=\"async\" width=\"1024\" height=\"536\" src=\"https:\/\/telediarioqueretaro.co\/wp-content\/uploads\/2023\/04\/1-4-1024x536.webp\" alt=\"\" class=\"wp-image-1503\" srcset=\"https:\/\/telediarioqueretaro.co\/wp-content\/uploads\/2023\/04\/1-4-1024x536.webp 1024w, https:\/\/telediarioqueretaro.co\/wp-content\/uploads\/2023\/04\/1-4-300x157.webp 300w, https:\/\/telediarioqueretaro.co\/wp-content\/uploads\/2023\/04\/1-4-768x402.webp 768w, https:\/\/telediarioqueretaro.co\/wp-content\/uploads\/2023\/04\/1-4.webp 1200w\" sizes=\"auto, (max-width: 1024px) 100vw, 1024px\" \/><\/figure>\n\n\n\n<p class=\"has-black-color has-text-color\">El tiempo para presentar la\u00a0 declaraci\u00f3n anual 2022 se est\u00e1 terminando. Pero hay quienes ya cumplieron con esta obligaci\u00f3n y derecho fiscal y ahora est\u00e1n esperando la\u00a0devoluci\u00f3n del saldo a favor.\u00a0\u00bfQui\u00e9nes obtienen devoluci\u00f3n de saldo a favor y\u00a0cu\u00e1nto tiempo tarda en depositar el SAT?<\/p>\n\n\n\n<h2 class=\"wp-block-heading has-black-color has-text-color\"><strong>\u00bfQui\u00e9nes reciben devoluci\u00f3n de saldo a favor?<\/strong><\/h2>\n\n\n\n<p class=\"has-black-color has-text-color\"><strong>De acuerdo con lo asentado en el art\u00edculo 22 del C\u00f3digo Fiscal de la Federaci\u00f3n:<\/strong><\/p>\n\n\n\n<p class=\"has-black-color has-text-color\">\u201cLas autoridades fiscales devolver\u00e1n las cantidades pagadas indebidamente y las que procedan conforme a las leyes fiscales\u201d. Cuando un contribuyente presenta su declaraci\u00f3n anual y tiene saldo a favor, puede optar por su devoluci\u00f3n.<\/p>\n\n\n\n<p class=\"has-black-color has-text-color\">Para recibir tu devoluci\u00f3n autom\u00e1tica presenta tu Declaraci\u00f3n Anual 2022 para personas F\u00edsicas en el sitio oficial del SAT. Recuerda que el plazo vence el 2 de mayo.<\/p>\n\n\n\n<p class=\"has-black-color has-text-color\">Si, tras la captura correcta de tus ingresos anuales y el c\u00e1lculo del Impuesto sobre la Renta a pagar, la autoridad fiscal determina que tienes saldo a favor, podr\u00e1s optar por su devoluci\u00f3n a tu cuenta bancaria con:<\/p>\n\n\n\n<h3 class=\"wp-block-heading has-black-color has-text-color\"><strong>Con contrase\u00f1a<\/strong><\/h3>\n\n\n\n<p class=\"has-black-color has-text-color\">Si el saldo a favor es igual o menor a 10 mil pesos.<\/p>\n\n\n\n<p class=\"has-black-color has-text-color\">Si el monto es mayor a 10 mil pesos y hasta 150 mil pesos, siempre y cuando utilices tu cuenta CLABE precargada.<\/p>\n\n\n\n<h3 class=\"wp-block-heading has-black-color has-text-color\"><strong>Con e.firma<\/strong><\/h3>\n\n\n\n<p class=\"has-black-color has-text-color\">Si tu saldo a favor es superior a 10 mil pesos y capturas una nueva cuenta CLABE.<\/p>\n","protected":false},"excerpt":{"rendered":"<p>El tiempo para presentar la\u00a0 declaraci\u00f3n anual 2022 se est\u00e1 terminando. Pero hay quienes ya cumplieron con esta obligaci\u00f3n y derecho fiscal y ahora est\u00e1n esperando la\u00a0devoluci\u00f3n del saldo a favor.\u00a0\u00bfQui\u00e9nes obtienen devoluci\u00f3n de saldo a favor y\u00a0cu\u00e1nto tiempo tarda en depositar el SAT? \u00bfQui\u00e9nes reciben devoluci\u00f3n de saldo a [&hellip;]<\/p>\n","protected":false},"author":2,"featured_media":1503,"comment_status":"open","ping_status":"open","sticky":false,"template":"","format":"standard","meta":{"footnotes":""},"categories":[1],"tags":[],"class_list":["post-1502","post","type-post","status-publish","format-standard","has-post-thumbnail","hentry","category-sin-categoria"],"_links":{"self":[{"href":"https:\/\/telediarioqueretaro.co\/index.php?rest_route=\/wp\/v2\/posts\/1502","targetHints":{"allow":["GET"]}}],"collection":[{"href":"https:\/\/telediarioqueretaro.co\/index.php?rest_route=\/wp\/v2\/posts"}],"about":[{"href":"https:\/\/telediarioqueretaro.co\/index.php?rest_route=\/wp\/v2\/types\/post"}],"author":[{"embeddable":true,"href":"https:\/\/telediarioqueretaro.co\/index.php?rest_route=\/wp\/v2\/users\/2"}],"replies":[{"embeddable":true,"href":"https:\/\/telediarioqueretaro.co\/index.php?rest_route=%2Fwp%2Fv2%2Fcomments&post=1502"}],"version-history":[{"count":1,"href":"https:\/\/telediarioqueretaro.co\/index.php?rest_route=\/wp\/v2\/posts\/1502\/revisions"}],"predecessor-version":[{"id":1504,"href":"https:\/\/telediarioqueretaro.co\/index.php?rest_route=\/wp\/v2\/posts\/1502\/revisions\/1504"}],"wp:featuredmedia":[{"embeddable":true,"href":"https:\/\/telediarioqueretaro.co\/index.php?rest_route=\/wp\/v2\/media\/1503"}],"wp:attachment":[{"href":"https:\/\/telediarioqueretaro.co\/index.php?rest_route=%2Fwp%2Fv2%2Fmedia&parent=1502"}],"wp:term":[{"taxonomy":"category","embeddable":true,"href":"https:\/\/telediarioqueretaro.co\/index.php?rest_route=%2Fwp%2Fv2%2Fcategories&post=1502"},{"taxonomy":"post_tag","embeddable":true,"href":"https:\/\/telediarioqueretaro.co\/index.php?rest_route=%2Fwp%2Fv2%2Ftags&post=1502"}],"curies":[{"name":"wp","href":"https:\/\/api.w.org\/{rel}","templated":true}]}}