{"id":162,"date":"2023-03-27T16:15:20","date_gmt":"2023-03-27T16:15:20","guid":{"rendered":"https:\/\/telediarioqueretaro.co\/?p=162"},"modified":"2023-03-27T16:15:21","modified_gmt":"2023-03-27T16:15:21","slug":"ataca-a-4-profesoras-y-2-estudiantes-en-brasil-adolescente-de-13-anos","status":"publish","type":"post","link":"https:\/\/telediarioqueretaro.co\/?p=162","title":{"rendered":"Ataca a 4 profesoras y 2 estudiantes en Brasil adolescente de 13 a\u00f1os"},"content":{"rendered":"\n<p>Brasil inform\u00f3 que un adolescente de 13 a\u00f1os apu\u00f1al\u00f3 a cuatro profesoras y dos estudiantes en una escuela, una maestra muri\u00f3. Un estudiante en estado de shock<\/p>\n\n\n\n<p>En Brasil un adolescente de 13 a\u00f1os agredi\u00f3 con un arma blanca a cuatro profesoras y dos estudiantes dentro de una escuela en la ciudad de Sao Paulo. El gobierno del estado inform\u00f3 que la maestra de 71 a\u00f1os, Elisabete Tenreiro, falleci\u00f3 en el hospital.<\/p>\n\n\n\n<p>El ataque ocurri\u00f3 en la escuela Estadual Thomazia Montoro en la zona oeste de la capital.<\/p>\n\n\n\n<p>Los heridos fueron trasladados a un hospital.<\/p>\n\n\n\n<figure class=\"wp-block-image size-full\"><img loading=\"lazy\" decoding=\"async\" width=\"578\" height=\"333\" src=\"https:\/\/telediarioqueretaro.co\/wp-content\/uploads\/2023\/03\/Screenshot_1-2.png\" alt=\"\" class=\"wp-image-163\" srcset=\"https:\/\/telediarioqueretaro.co\/wp-content\/uploads\/2023\/03\/Screenshot_1-2.png 578w, https:\/\/telediarioqueretaro.co\/wp-content\/uploads\/2023\/03\/Screenshot_1-2-300x173.png 300w\" sizes=\"auto, (max-width: 578px) 100vw, 578px\" \/><\/figure>\n\n\n\n<p>El adolescente de 13 a\u00f1os ten\u00eda problemas con sus compa\u00f1eros<br>El adolescente fue detenido por la polic\u00eda y a\u00fan se desconoce el motivo del ataque. Seg\u00fan testimonios recogidos por la prensa, el atacante manten\u00eda una relaci\u00f3n problem\u00e1tica con sus compa\u00f1eros.<\/p>\n\n\n\n<p>Un estudiante rescatado en estado de shock<br>Inicialmente, la polic\u00eda hab\u00eda informado que dos estudiantes hab\u00edan sido golpeados. Uno de ellos, sin embargo, fue rescatado en estado de shock, pero sin heridas. El otro ni\u00f1o lesionado sufri\u00f3 un corte en el brazo y fue trasladado a un hospital del \u00e1rea.<\/p>\n\n\n\n<p>Una de las profesoras fue trasladada al Hospital das Cl\u00ednicas y la otra al Hospital Bandeirantes. El tercero sufri\u00f3 un paro card\u00edaco y fue rescatado por el Helic\u00f3ptero \u00c1guila de la Polic\u00eda Militar.<\/p>\n\n\n\n<p>\u201cEl Gobierno de Sao Paulo lamenta profundamente la muerte de la profesora y se solidariza con las familias de los profesores y alumnos v\u00edctimas del ataque\u201d, apunt\u00f3.<\/p>\n\n\n\n<p>El gobernador de S\u00e3o Paulo, que tiene una agenda fuera del pa\u00eds, lament\u00f3 a trav\u00e9s de las redes sociales \u201cNo tengo palabras para expresar mi tristeza\u201d<\/p>\n\n\n\n<p>Seg\u00fan la Polic\u00eda Militar, el agresor, un estudiante de 13 a\u00f1os, fue inmovilizado por los polic\u00edas y trasladado a la DP 34, donde se registrar\u00e1 el caso.<\/p>\n","protected":false},"excerpt":{"rendered":"<p>Brasil inform\u00f3 que un adolescente de 13 a\u00f1os apu\u00f1al\u00f3 a cuatro profesoras y dos estudiantes en una escuela, una maestra muri\u00f3. Un estudiante en estado de shock En Brasil un adolescente de 13 a\u00f1os agredi\u00f3 con un arma blanca a cuatro profesoras y dos estudiantes dentro de una escuela en [&hellip;]<\/p>\n","protected":false},"author":2,"featured_media":0,"comment_status":"open","ping_status":"open","sticky":false,"template":"","format":"standard","meta":{"footnotes":""},"categories":[1],"tags":[],"class_list":["post-162","post","type-post","status-publish","format-standard","hentry","category-sin-categoria"],"_links":{"self":[{"href":"https:\/\/telediarioqueretaro.co\/index.php?rest_route=\/wp\/v2\/posts\/162","targetHints":{"allow":["GET"]}}],"collection":[{"href":"https:\/\/telediarioqueretaro.co\/index.php?rest_route=\/wp\/v2\/posts"}],"about":[{"href":"https:\/\/telediarioqueretaro.co\/index.php?rest_route=\/wp\/v2\/types\/post"}],"author":[{"embeddable":true,"href":"https:\/\/telediarioqueretaro.co\/index.php?rest_route=\/wp\/v2\/users\/2"}],"replies":[{"embeddable":true,"href":"https:\/\/telediarioqueretaro.co\/index.php?rest_route=%2Fwp%2Fv2%2Fcomments&post=162"}],"version-history":[{"count":1,"href":"https:\/\/telediarioqueretaro.co\/index.php?rest_route=\/wp\/v2\/posts\/162\/revisions"}],"predecessor-version":[{"id":164,"href":"https:\/\/telediarioqueretaro.co\/index.php?rest_route=\/wp\/v2\/posts\/162\/revisions\/164"}],"wp:attachment":[{"href":"https:\/\/telediarioqueretaro.co\/index.php?rest_route=%2Fwp%2Fv2%2Fmedia&parent=162"}],"wp:term":[{"taxonomy":"category","embeddable":true,"href":"https:\/\/telediarioqueretaro.co\/index.php?rest_route=%2Fwp%2Fv2%2Fcategories&post=162"},{"taxonomy":"post_tag","embeddable":true,"href":"https:\/\/telediarioqueretaro.co\/index.php?rest_route=%2Fwp%2Fv2%2Ftags&post=162"}],"curies":[{"name":"wp","href":"https:\/\/api.w.org\/{rel}","templated":true}]}}