{"id":1625,"date":"2023-04-27T06:28:00","date_gmt":"2023-04-27T06:28:00","guid":{"rendered":"https:\/\/telediarioqueretaro.co\/?p=1625"},"modified":"2023-04-26T23:30:45","modified_gmt":"2023-04-26T23:30:45","slug":"amlo-no-dio-mensaje-a-gobernadores-ya-aparecera-tengan-paciencia-segob","status":"publish","type":"post","link":"https:\/\/telediarioqueretaro.co\/?p=1625","title":{"rendered":"AMLO no dio mensaje a gobernadores; \u201cya aparecer\u00e1, tengan paciencia\u201d: Segob"},"content":{"rendered":"\n<figure class=\"wp-block-image size-full\"><img loading=\"lazy\" decoding=\"async\" width=\"942\" height=\"532\" src=\"https:\/\/telediarioqueretaro.co\/wp-content\/uploads\/2023\/04\/1-7.webp\" alt=\"\" class=\"wp-image-1626\" srcset=\"https:\/\/telediarioqueretaro.co\/wp-content\/uploads\/2023\/04\/1-7.webp 942w, https:\/\/telediarioqueretaro.co\/wp-content\/uploads\/2023\/04\/1-7-300x169.webp 300w, https:\/\/telediarioqueretaro.co\/wp-content\/uploads\/2023\/04\/1-7-768x434.webp 768w\" sizes=\"auto, (max-width: 942px) 100vw, 942px\" \/><\/figure>\n\n\n\n<p>El secretario de Gobernaci\u00f3n, Ad\u00e1n Augusto L\u00f3pez, se reuni\u00f3 con 22 gobernadores de Morena y sus aliados para revisar la estrategia de seguridad y los programas del Bienestar; encuentro en el que no particip\u00f3 el presidente Andr\u00e9s Manuel L\u00f3pez Obrador. En breves declaraciones, el funcionario aclar\u00f3 que no hubo ning\u00fan video del mandatario y pidi\u00f3 esperar a que reaparezca p\u00fablicamente.<\/p>\n\n\n\n<p>\u201cEl objetivo de la reuni\u00f3n no era que mandara un mensaje a los gobernadores, sino que avanz\u00e1ramos en la evaluaci\u00f3n\u201d, dijo.<br>\u2014A cuatro d\u00edas, \u00bfpor qu\u00e9 no ha aparecido? \u201cYo lo he visto, no s\u00e9 d\u00f3nde no haya aparecido\u201d, dijo.<br>\u2014\u00bfPero p\u00fablicamente?  \u201cYa aparecer\u00e1, tengan paciencia\u201d, remarc\u00f3.<br>L\u00f3pez Hern\u00e1ndez insisti\u00f3 en que se llev\u00f3 a cabo la reuni\u00f3n tal como se ten\u00eda programada, con la revisi\u00f3n de los temas a tratar en cada una de las entidades.<br><\/p>\n","protected":false},"excerpt":{"rendered":"<p>El secretario de Gobernaci\u00f3n, Ad\u00e1n Augusto L\u00f3pez, se reuni\u00f3 con 22 gobernadores de Morena y sus aliados para revisar la estrategia de seguridad y los programas del Bienestar; encuentro en el que no particip\u00f3 el presidente Andr\u00e9s Manuel L\u00f3pez Obrador. En breves declaraciones, el funcionario aclar\u00f3 que no hubo ning\u00fan [&hellip;]<\/p>\n","protected":false},"author":2,"featured_media":1626,"comment_status":"open","ping_status":"open","sticky":false,"template":"","format":"standard","meta":{"footnotes":""},"categories":[1],"tags":[],"class_list":["post-1625","post","type-post","status-publish","format-standard","has-post-thumbnail","hentry","category-sin-categoria"],"_links":{"self":[{"href":"https:\/\/telediarioqueretaro.co\/index.php?rest_route=\/wp\/v2\/posts\/1625","targetHints":{"allow":["GET"]}}],"collection":[{"href":"https:\/\/telediarioqueretaro.co\/index.php?rest_route=\/wp\/v2\/posts"}],"about":[{"href":"https:\/\/telediarioqueretaro.co\/index.php?rest_route=\/wp\/v2\/types\/post"}],"author":[{"embeddable":true,"href":"https:\/\/telediarioqueretaro.co\/index.php?rest_route=\/wp\/v2\/users\/2"}],"replies":[{"embeddable":true,"href":"https:\/\/telediarioqueretaro.co\/index.php?rest_route=%2Fwp%2Fv2%2Fcomments&post=1625"}],"version-history":[{"count":1,"href":"https:\/\/telediarioqueretaro.co\/index.php?rest_route=\/wp\/v2\/posts\/1625\/revisions"}],"predecessor-version":[{"id":1627,"href":"https:\/\/telediarioqueretaro.co\/index.php?rest_route=\/wp\/v2\/posts\/1625\/revisions\/1627"}],"wp:featuredmedia":[{"embeddable":true,"href":"https:\/\/telediarioqueretaro.co\/index.php?rest_route=\/wp\/v2\/media\/1626"}],"wp:attachment":[{"href":"https:\/\/telediarioqueretaro.co\/index.php?rest_route=%2Fwp%2Fv2%2Fmedia&parent=1625"}],"wp:term":[{"taxonomy":"category","embeddable":true,"href":"https:\/\/telediarioqueretaro.co\/index.php?rest_route=%2Fwp%2Fv2%2Fcategories&post=1625"},{"taxonomy":"post_tag","embeddable":true,"href":"https:\/\/telediarioqueretaro.co\/index.php?rest_route=%2Fwp%2Fv2%2Ftags&post=1625"}],"curies":[{"name":"wp","href":"https:\/\/api.w.org\/{rel}","templated":true}]}}