{"id":1631,"date":"2023-04-27T17:34:00","date_gmt":"2023-04-27T17:34:00","guid":{"rendered":"https:\/\/telediarioqueretaro.co\/?p=1631"},"modified":"2023-04-26T23:39:04","modified_gmt":"2023-04-26T23:39:04","slug":"gobierno-de-el-marques-invertira-en-uaq-campus-amazcala","status":"publish","type":"post","link":"https:\/\/telediarioqueretaro.co\/?p=1631","title":{"rendered":"Gobierno de El Marqu\u00e9s, Invertir\u00e1 en UAQ Campus Amazcala"},"content":{"rendered":"\n<p><\/p>\n\n\n\n<figure class=\"wp-block-image size-full\"><img loading=\"lazy\" decoding=\"async\" width=\"811\" height=\"540\" src=\"https:\/\/telediarioqueretaro.co\/wp-content\/uploads\/2023\/04\/1-19.jpg\" alt=\"\" class=\"wp-image-1632\" srcset=\"https:\/\/telediarioqueretaro.co\/wp-content\/uploads\/2023\/04\/1-19.jpg 811w, https:\/\/telediarioqueretaro.co\/wp-content\/uploads\/2023\/04\/1-19-300x200.jpg 300w, https:\/\/telediarioqueretaro.co\/wp-content\/uploads\/2023\/04\/1-19-768x511.jpg 768w\" sizes=\"auto, (max-width: 811px) 100vw, 811px\" \/><\/figure>\n\n\n\n<p>El presidente municipal de El Marqu\u00e9s, Enrique Vega Carriles y la rectora de la Universidad Aut\u00f3noma de Quer\u00e9taro (UAQ), Teresa Garc\u00eda Gasca, firmaron un convenio de colaboraci\u00f3n en el que, a trav\u00e9s de la Secretar\u00eda de Obras P\u00fablicas <a><\/a>Municipales se rehabilitar\u00e1 el gimnasio-auditorio del campus Amazcala, con una inversi\u00f3n de 5 millones de pesos.<\/p>\n\n\n\n<p>En este sentido, Vega Carriles explic\u00f3 que con esta firma de convenio, el municipio marquesino apoya el crecimiento de infraestructura de la universidad, y la M\u00e1xima Casa de Estudios apoyar\u00e1 con la capacitaci\u00f3n a personal de la Secretar\u00eda de Obras P\u00fablicas Municipales con cursos, diplomados y talleres de la facultad de ingenier\u00eda.<\/p>\n\n\n\n<p>Adem\u00e1s, la UAQ dar\u00e1 atenci\u00f3n m\u00e9dica con costos preferentes a habitantes de la comunidad de Amazcala por medio del Centro Integral de Vinculaci\u00f3n e Innovaci\u00f3n para la Sostenibilidad (CIVIS).<\/p>\n\n\n\n<p>\u201cImpulsaremos sinergias importantes con la comunidad de Amazcala en materia de infraestructura, capacitaci\u00f3n y cuidado de la salud. Como ustedes dec\u00edan, me da mucho gusto ese espacio que se abre para atender, es muy necesario ah\u00ed. Tenemos una cl\u00ednica en Santa Cruz, entre las dos cl\u00ednicas vamos a atender a la poblaci\u00f3n. Yo sigo a la disposici\u00f3n, estamos para servirles en el municipio de El Marqu\u00e9s\u201d.<\/p>\n\n\n\n<p>Por su parte, el secretario de Obras P\u00fablicas Municipales, Abraham Ibarra Villase\u00f1or, detall\u00f3 que para la primera etapa de la rehabilitaci\u00f3n del gimnasio-auditorio, se estar\u00e1 cubriendo un \u00e1rea total de 839 metros cuadrados de arcotecho, se rehabilitar\u00e1 la cancha y se instalar\u00e1n 25 metros de l\u00e1mina; asimismo se colocar\u00e1 una malla y se colocar\u00e1 un m\u00f3dulo de gradas.<\/p>\n\n\n\n<p>En su intervenci\u00f3n, la rectora de la Universidad Aut\u00f3noma de Quer\u00e9taro, Teresa Garc\u00eda Gasca agradeci\u00f3 al presidente municipal, Enrique Vega Carriles su colaboraci\u00f3n con los estudiantes de bachillerato y universidad del campus Amazcala, quienes se\u00f1al\u00f3 ser\u00e1n beneficiados al contar con instalaciones deportivas dignas.<\/p>\n\n\n\n<p>Durante la firma de convenio estuvieron presentes el Jefe de la Oficina de la Presidencia, Rodrigo Monsalvo Castel\u00e1n; el Secretario Particular de la UAQ, Luis Alberto Fern\u00e1ndez Garc\u00eda; el Director de la Facultad de Ingenier\u00eda, Manuel Toledano Ayala; el abogado general de la UAQ, Gonzalo Mart\u00ednez Garc\u00eda; la coordinadora de la Licenciatura en Arquitectura de la Facultad de Ingenier\u00eda, Graciela del Carmen M\u00e1rquez Sotomayor y el presidente de la Sociedad de Alumnos de la FI Amazcala, Alberto Ugalde R\u00edos.<\/p>\n","protected":false},"excerpt":{"rendered":"<p>El presidente municipal de El Marqu\u00e9s, Enrique Vega Carriles y la rectora de la Universidad Aut\u00f3noma de Quer\u00e9taro (UAQ), Teresa Garc\u00eda Gasca, firmaron un convenio de colaboraci\u00f3n en el que, a trav\u00e9s de la Secretar\u00eda de Obras P\u00fablicas Municipales se rehabilitar\u00e1 el gimnasio-auditorio del campus Amazcala, con una inversi\u00f3n de [&hellip;]<\/p>\n","protected":false},"author":2,"featured_media":1632,"comment_status":"open","ping_status":"open","sticky":false,"template":"","format":"standard","meta":{"footnotes":""},"categories":[1],"tags":[],"class_list":["post-1631","post","type-post","status-publish","format-standard","has-post-thumbnail","hentry","category-sin-categoria"],"_links":{"self":[{"href":"https:\/\/telediarioqueretaro.co\/index.php?rest_route=\/wp\/v2\/posts\/1631","targetHints":{"allow":["GET"]}}],"collection":[{"href":"https:\/\/telediarioqueretaro.co\/index.php?rest_route=\/wp\/v2\/posts"}],"about":[{"href":"https:\/\/telediarioqueretaro.co\/index.php?rest_route=\/wp\/v2\/types\/post"}],"author":[{"embeddable":true,"href":"https:\/\/telediarioqueretaro.co\/index.php?rest_route=\/wp\/v2\/users\/2"}],"replies":[{"embeddable":true,"href":"https:\/\/telediarioqueretaro.co\/index.php?rest_route=%2Fwp%2Fv2%2Fcomments&post=1631"}],"version-history":[{"count":1,"href":"https:\/\/telediarioqueretaro.co\/index.php?rest_route=\/wp\/v2\/posts\/1631\/revisions"}],"predecessor-version":[{"id":1633,"href":"https:\/\/telediarioqueretaro.co\/index.php?rest_route=\/wp\/v2\/posts\/1631\/revisions\/1633"}],"wp:featuredmedia":[{"embeddable":true,"href":"https:\/\/telediarioqueretaro.co\/index.php?rest_route=\/wp\/v2\/media\/1632"}],"wp:attachment":[{"href":"https:\/\/telediarioqueretaro.co\/index.php?rest_route=%2Fwp%2Fv2%2Fmedia&parent=1631"}],"wp:term":[{"taxonomy":"category","embeddable":true,"href":"https:\/\/telediarioqueretaro.co\/index.php?rest_route=%2Fwp%2Fv2%2Fcategories&post=1631"},{"taxonomy":"post_tag","embeddable":true,"href":"https:\/\/telediarioqueretaro.co\/index.php?rest_route=%2Fwp%2Fv2%2Ftags&post=1631"}],"curies":[{"name":"wp","href":"https:\/\/api.w.org\/{rel}","templated":true}]}}