{"id":1656,"date":"2023-05-03T14:53:59","date_gmt":"2023-05-03T14:53:59","guid":{"rendered":"https:\/\/telediarioqueretaro.co\/?p=1656"},"modified":"2023-05-03T14:53:59","modified_gmt":"2023-05-03T14:53:59","slug":"nuevo-partido-politico-en-queretaro","status":"publish","type":"post","link":"https:\/\/telediarioqueretaro.co\/?p=1656","title":{"rendered":"Nuevo Partido Pol\u00edtico En Quer\u00e9taro."},"content":{"rendered":"\n<figure class=\"wp-block-image size-large\"><img loading=\"lazy\" decoding=\"async\" width=\"1024\" height=\"543\" src=\"https:\/\/telediarioqueretaro.co\/wp-content\/uploads\/2023\/05\/1-1024x543.jpeg\" alt=\"\" class=\"wp-image-1657\" srcset=\"https:\/\/telediarioqueretaro.co\/wp-content\/uploads\/2023\/05\/1-1024x543.jpeg 1024w, https:\/\/telediarioqueretaro.co\/wp-content\/uploads\/2023\/05\/1-300x159.jpeg 300w, https:\/\/telediarioqueretaro.co\/wp-content\/uploads\/2023\/05\/1-768x407.jpeg 768w, https:\/\/telediarioqueretaro.co\/wp-content\/uploads\/2023\/05\/1.jpeg 1210w\" sizes=\"auto, (max-width: 1024px) 100vw, 1024px\" \/><\/figure>\n\n\n\n<p>Bajo el nombre \u201cQuer\u00e9taro Seguro\u201d, la asociaci\u00f3n que encabeza Connie Herrera logr\u00f3 constituirse como partido pol\u00edtico local, tras la aprobaci\u00f3n del Consejo General del Instituto Electoral del Estado de Quer\u00e9taro (IEEQ).<br>En sesi\u00f3n extraordinaria, las consejer\u00edas aprobaron la adhesi\u00f3n del nuevo partido luego de que cumpli\u00f3 con todos los lineamientos marcados en la legislaci\u00f3n local y nacional.<br>La Asociaci\u00f3n Civil Quer\u00e9taro con Rumbo tomar\u00e1 el nombre Quer\u00e9taro Seguro y su vida como partido empezar\u00e1 el 1 de julio de 2023.<\/p>\n\n\n\n<p><br>Un total de 11 organizaciones presentaron una carta de intenci\u00f3n para conformarse como partido pol\u00edtico; en una \u00faltima etapa, cuatro lograron avanzar y, finalmente, solo Quer\u00e9taro Seguro logr\u00f3 el objetivo.<br>EL nuevo partido pol\u00edtico tiene como presidenta a Concepci\u00f3n Herrera Mart\u00ednez, quien constituy\u00f3 el otrora partido pol\u00edtico Quer\u00e9taro Independiente, mismo por el que logr\u00f3 una diputaci\u00f3n plurinominal en 2018 (al 2021), pero en 2021 perdi\u00f3 el registro al no alcanzar el porcentaje de votaci\u00f3n necesaria.<\/p>\n","protected":false},"excerpt":{"rendered":"<p>Bajo el nombre \u201cQuer\u00e9taro Seguro\u201d, la asociaci\u00f3n que encabeza Connie Herrera logr\u00f3 constituirse como partido pol\u00edtico local, tras la aprobaci\u00f3n del Consejo General del Instituto Electoral del Estado de Quer\u00e9taro (IEEQ).En sesi\u00f3n extraordinaria, las consejer\u00edas aprobaron la adhesi\u00f3n del nuevo partido luego de que cumpli\u00f3 con todos los lineamientos marcados [&hellip;]<\/p>\n","protected":false},"author":2,"featured_media":1657,"comment_status":"open","ping_status":"open","sticky":false,"template":"","format":"standard","meta":{"footnotes":""},"categories":[1],"tags":[],"class_list":["post-1656","post","type-post","status-publish","format-standard","has-post-thumbnail","hentry","category-sin-categoria"],"_links":{"self":[{"href":"https:\/\/telediarioqueretaro.co\/index.php?rest_route=\/wp\/v2\/posts\/1656","targetHints":{"allow":["GET"]}}],"collection":[{"href":"https:\/\/telediarioqueretaro.co\/index.php?rest_route=\/wp\/v2\/posts"}],"about":[{"href":"https:\/\/telediarioqueretaro.co\/index.php?rest_route=\/wp\/v2\/types\/post"}],"author":[{"embeddable":true,"href":"https:\/\/telediarioqueretaro.co\/index.php?rest_route=\/wp\/v2\/users\/2"}],"replies":[{"embeddable":true,"href":"https:\/\/telediarioqueretaro.co\/index.php?rest_route=%2Fwp%2Fv2%2Fcomments&post=1656"}],"version-history":[{"count":1,"href":"https:\/\/telediarioqueretaro.co\/index.php?rest_route=\/wp\/v2\/posts\/1656\/revisions"}],"predecessor-version":[{"id":1658,"href":"https:\/\/telediarioqueretaro.co\/index.php?rest_route=\/wp\/v2\/posts\/1656\/revisions\/1658"}],"wp:featuredmedia":[{"embeddable":true,"href":"https:\/\/telediarioqueretaro.co\/index.php?rest_route=\/wp\/v2\/media\/1657"}],"wp:attachment":[{"href":"https:\/\/telediarioqueretaro.co\/index.php?rest_route=%2Fwp%2Fv2%2Fmedia&parent=1656"}],"wp:term":[{"taxonomy":"category","embeddable":true,"href":"https:\/\/telediarioqueretaro.co\/index.php?rest_route=%2Fwp%2Fv2%2Fcategories&post=1656"},{"taxonomy":"post_tag","embeddable":true,"href":"https:\/\/telediarioqueretaro.co\/index.php?rest_route=%2Fwp%2Fv2%2Ftags&post=1656"}],"curies":[{"name":"wp","href":"https:\/\/api.w.org\/{rel}","templated":true}]}}