{"id":1897,"date":"2023-05-31T07:00:00","date_gmt":"2023-05-31T07:00:00","guid":{"rendered":"https:\/\/telediarioqueretaro.co\/?p=1897"},"modified":"2023-05-29T16:34:27","modified_gmt":"2023-05-29T16:34:27","slug":"sep-por-que-la-proxima-semana-solo-habra-3-dias-de-clase-para-alumnos-de-primaria-y-secundaria","status":"publish","type":"post","link":"https:\/\/telediarioqueretaro.co\/?p=1897","title":{"rendered":"SEP: \u00bfpor qu\u00e9 la pr\u00f3xima semana s\u00f3lo habr\u00e1 3 d\u00edas de clase para alumnos de primaria y secundaria?"},"content":{"rendered":"\n<p>M\u00e1s de 29 millones de estudiantes de todo el pa\u00eds volver\u00e1n a ausentarse de las aulas por la siguiente raz\u00f3n<\/p>\n\n\n\n<figure class=\"wp-block-image size-full\"><img loading=\"lazy\" decoding=\"async\" width=\"790\" height=\"420\" src=\"https:\/\/telediarioqueretaro.co\/wp-content\/uploads\/2023\/05\/19.png\" alt=\"\" class=\"wp-image-1898\" srcset=\"https:\/\/telediarioqueretaro.co\/wp-content\/uploads\/2023\/05\/19.png 790w, https:\/\/telediarioqueretaro.co\/wp-content\/uploads\/2023\/05\/19-300x159.png 300w, https:\/\/telediarioqueretaro.co\/wp-content\/uploads\/2023\/05\/19-768x408.png 768w\" sizes=\"auto, (max-width: 790px) 100vw, 790px\" \/><\/figure>\n\n\n\n<p>Si eres padre de familia o tutor de alumnos de educaci\u00f3n b\u00e1sica; es decir preescolar,\u00a0primaria\u00a0o\u00a0secundaria, \u00a1toma nota! A continuaci\u00f3n, te detallamos\u00a0por qu\u00e9 no hay clases\u00a0para estudiantes de primaria y secundaria este\u00a0primer viernes\u00a0del mes de\u00a0mayo\u00a0de\u00a02023, de conformidad con lo establecido por la Secretar\u00eda de Educaci\u00f3n P\u00fablica (SEP) en su calendario escolar 2022-2023 de Educaci\u00f3n B\u00e1sica y Normal.<\/p>\n\n\n\n<p>Si bien, este fin de semana; del 28 de abril al 1 de mayo los alumnos de preescolar,\u00a0primaria\u00a0y\u00a0secundaria\u00a0no tienen clase a causa del Consejo T\u00e9cnico Escolar y del puente por el 1 de mayo, cuando se conmemora el D\u00eda del Trabajo, los estudiantes vuelven a las aulas el martes 2 de mayo, pero la semana s\u00f3lo constar\u00e1 de 3 d\u00edas en activo de clases, pues el\u00a0viernes 5 de mayo; el\u00a0primero\u00a0del quinto mes,\u00a0nuevamente se ausentar\u00e1n de los salones.\u00a0<\/p>\n\n\n\n<p>Y es que de conformidad con el\u00a0Calendario Escolar 2022-2023\u00a0de Educaci\u00f3n B\u00e1sica y Normal, los alumnos de prescolar, primaria y secundaria no asisten a clases el\u00a0primer viernes de mayo\u00a0porque se conmemora &#8220;La Batalla de Puebla&#8221;, que aconteci\u00f3 en 1862, en las cercan\u00edas de este estado del pa\u00eds, en donde se enfrentaron los ej\u00e9rcitos de M\u00e9xico, a cargo del general Ignacio Zaragoza y del Segundo Imperio Franc\u00e9s, encabezados por Charles Ferdinand Latrille.\u00a0<\/p>\n\n\n\n<p>Fue en abril de 1862 cuando las tropas de Francia desembarcaron en el puerto de Veracruz y emprendieron una campa\u00f1a militar con destino al centro de M\u00e9xico. El enfrentamiento b\u00e9lico, conocido como la\u00a0&#8220;Batalla del 5 de mayo&#8221;, ocurri\u00f3 en el cerro de Loreto, en la cima donde se encontraba una capilla que los mexicanos acondicionaron para defender la ciudad de Puebla. Al ganar nuestro pa\u00eds, Ignacio Zaragoza se convirti\u00f3 en h\u00e9roe nacional por comandar a casi 2 mil soldados y 2,700 campesinos.\u00a0<\/p>\n\n\n\n<p>Lamentablemente un a\u00f1o despu\u00e9s las tropas francesas volvieron al ataque con 35 mil soldados, derrotando al ej\u00e9rcito mexicano, por lo que la\u00a0Batalla del 5 de mayo\u00a0o la\u00a0Batalla de Puebla\u00a0es una de las fechas m\u00e1s significativas en nuestra historia nacional por ser una de las pocas victorias que ha tenido el ej\u00e9rcito de M\u00e9xico frente a un ej\u00e9rcito extranjero invasor. Esta fecha del 5 de mayo coincide en Estados Unidos con la celebraci\u00f3n del &#8220;D\u00eda de la Herencia Latina&#8221;.<\/p>\n\n\n\n<p>Por esta raz\u00f3n es que el\u00a05 de mayo\u00a0es una de las fechas oficiales de asueto en\u00a0M\u00e9xico, as\u00ed que el primer viernes de mayo, ning\u00fan alumno de educaci\u00f3n b\u00e1sica (preescolar, primaria o secundaria) asistir\u00e1 a las aulas, pues de conformidad con el calendario escolar se aplica la suspensi\u00f3n de labores docentes, con lo que los estudiantes \u00fanicamente asistir\u00e1n martes 2, mi\u00e9rcoles 3 y jueves 4 de mayo. Volver\u00e1n a los salones hasta el lunes 8 de mayo, con lo que descansar\u00e1n 3 d\u00edas.<\/p>\n\n\n\n<p>El siguiente puente de mayo 2023, ser\u00e1 el lunes\u00a015 de mayo\u00a0a causa de la celebraci\u00f3n del\u00a0D\u00eda del Maestro\u00a0en\u00a0M\u00e9xico, con lo que los m\u00e1s de 29 millones de estudiantes faltar\u00e1n nuevamente a las aulas, y es que pese a que en la Ley Federal del Trabajo este no es un d\u00eda de descanso obligatorio para los empleados a nivel nacional, la SEP s\u00ed otorga el d\u00eda de descanso\u00a0a los docentes y a los alumnos.<\/p>\n","protected":false},"excerpt":{"rendered":"<p>M\u00e1s de 29 millones de estudiantes de todo el pa\u00eds volver\u00e1n a ausentarse de las aulas por la siguiente raz\u00f3n Si eres padre de familia o tutor de alumnos de educaci\u00f3n b\u00e1sica; es decir preescolar,\u00a0primaria\u00a0o\u00a0secundaria, \u00a1toma nota! A continuaci\u00f3n, te detallamos\u00a0por qu\u00e9 no hay clases\u00a0para estudiantes de primaria y secundaria [&hellip;]<\/p>\n","protected":false},"author":1,"featured_media":1899,"comment_status":"open","ping_status":"open","sticky":false,"template":"","format":"standard","meta":{"footnotes":""},"categories":[1],"tags":[],"class_list":["post-1897","post","type-post","status-publish","format-standard","has-post-thumbnail","hentry","category-sin-categoria"],"_links":{"self":[{"href":"https:\/\/telediarioqueretaro.co\/index.php?rest_route=\/wp\/v2\/posts\/1897","targetHints":{"allow":["GET"]}}],"collection":[{"href":"https:\/\/telediarioqueretaro.co\/index.php?rest_route=\/wp\/v2\/posts"}],"about":[{"href":"https:\/\/telediarioqueretaro.co\/index.php?rest_route=\/wp\/v2\/types\/post"}],"author":[{"embeddable":true,"href":"https:\/\/telediarioqueretaro.co\/index.php?rest_route=\/wp\/v2\/users\/1"}],"replies":[{"embeddable":true,"href":"https:\/\/telediarioqueretaro.co\/index.php?rest_route=%2Fwp%2Fv2%2Fcomments&post=1897"}],"version-history":[{"count":1,"href":"https:\/\/telediarioqueretaro.co\/index.php?rest_route=\/wp\/v2\/posts\/1897\/revisions"}],"predecessor-version":[{"id":1900,"href":"https:\/\/telediarioqueretaro.co\/index.php?rest_route=\/wp\/v2\/posts\/1897\/revisions\/1900"}],"wp:featuredmedia":[{"embeddable":true,"href":"https:\/\/telediarioqueretaro.co\/index.php?rest_route=\/wp\/v2\/media\/1899"}],"wp:attachment":[{"href":"https:\/\/telediarioqueretaro.co\/index.php?rest_route=%2Fwp%2Fv2%2Fmedia&parent=1897"}],"wp:term":[{"taxonomy":"category","embeddable":true,"href":"https:\/\/telediarioqueretaro.co\/index.php?rest_route=%2Fwp%2Fv2%2Fcategories&post=1897"},{"taxonomy":"post_tag","embeddable":true,"href":"https:\/\/telediarioqueretaro.co\/index.php?rest_route=%2Fwp%2Fv2%2Ftags&post=1897"}],"curies":[{"name":"wp","href":"https:\/\/api.w.org\/{rel}","templated":true}]}}