{"id":1902,"date":"2023-06-01T08:36:00","date_gmt":"2023-06-01T08:36:00","guid":{"rendered":"https:\/\/telediarioqueretaro.co\/?p=1902"},"modified":"2023-05-29T16:42:03","modified_gmt":"2023-05-29T16:42:03","slug":"marcelo-ebrard-apela-por-piso-parejo-dentro-de-morena","status":"publish","type":"post","link":"https:\/\/telediarioqueretaro.co\/?p=1902","title":{"rendered":"Marcelo Ebrard apela por piso parejo dentro de Morena"},"content":{"rendered":"\n<p><br>El canciller asegura estar en un virtual empate t\u00e9cnico con Claudia Sheinbaum<\/p>\n\n\n\n<figure class=\"wp-block-image size-full\"><img loading=\"lazy\" decoding=\"async\" width=\"740\" height=\"454\" src=\"https:\/\/telediarioqueretaro.co\/wp-content\/uploads\/2023\/05\/20.png\" alt=\"\" class=\"wp-image-1903\" srcset=\"https:\/\/telediarioqueretaro.co\/wp-content\/uploads\/2023\/05\/20.png 740w, https:\/\/telediarioqueretaro.co\/wp-content\/uploads\/2023\/05\/20-300x184.png 300w\" sizes=\"auto, (max-width: 740px) 100vw, 740px\" \/><\/figure>\n\n\n\n<p>El canciller Marcelo Ebrard asegura estar en un virtual empate t\u00e9cnico con Claudia Sheinbaum con un margen de m\u00e1s menos 5 puntos porcentuales.<\/p>\n\n\n\n<p>El Secretario de Relaciones Exteriores asegura que s\u00f3lo ha expuesto sus propuestas e ideas en los m\u00e1rgenes de la legalidad electoral, a diferencia de su principal contendiente, quien ha usado abierta e ilegalmente recursos p\u00fablicos y el aparato de gobierno.<\/p>\n\n\n\n<p>Seg\u00fan una encuesta, los n\u00fameros ponen a Marcelo Ebrard con 26 puntos porcentuales y solo con cinco m\u00e1s, 31 puntos, a Claudia Sheinbaum.<\/p>\n\n\n\n<p>A diferencia de la jefa de Gobierno, Marcelo Ebrard no ha recorrido el pa\u00eds y ha guardado la disciplina electoral que marca los tiempos para hacer campa\u00f1a.<\/p>\n\n\n\n<p>De continuar esa tendencia, Ebrard estar\u00e1 por arriba de Sheinbaum en las pr\u00f3ximas mediciones, puesto que su crecimiento org\u00e1nico se basa en una exposici\u00f3n legal de sus propuestas y no bajo el velo de grupos en el poder, como los gobernadores de Morena.<\/p>\n\n\n\n<p>A pesar de esta situaci\u00f3n Ebrard conf\u00eda en que el presidente de Morena, Mario Delgado, genere condiciones legales de competencia, donde se respeten los tiempos y la contienda rumbo a la elecci\u00f3n del candidato. Presidencial de Morena.<\/p>\n\n\n\n<p>En este contexto, el pr\u00f3ximo cinco de junio Marcelo Ebrard presentar\u00e1 una propuesta para fortalecer la unidad de Morena rumbo a 2024 y que contin\u00fae el proyecto de transformaci\u00f3n del presidente Andr\u00e9s Manuel L\u00f3pez Obrador.<\/p>\n","protected":false},"excerpt":{"rendered":"<p>El canciller asegura estar en un virtual empate t\u00e9cnico con Claudia Sheinbaum El canciller Marcelo Ebrard asegura estar en un virtual empate t\u00e9cnico con Claudia Sheinbaum con un margen de m\u00e1s menos 5 puntos porcentuales. El Secretario de Relaciones Exteriores asegura que s\u00f3lo ha expuesto sus propuestas e ideas en [&hellip;]<\/p>\n","protected":false},"author":1,"featured_media":1903,"comment_status":"open","ping_status":"open","sticky":false,"template":"","format":"standard","meta":{"footnotes":""},"categories":[1],"tags":[],"class_list":["post-1902","post","type-post","status-publish","format-standard","has-post-thumbnail","hentry","category-sin-categoria"],"_links":{"self":[{"href":"https:\/\/telediarioqueretaro.co\/index.php?rest_route=\/wp\/v2\/posts\/1902","targetHints":{"allow":["GET"]}}],"collection":[{"href":"https:\/\/telediarioqueretaro.co\/index.php?rest_route=\/wp\/v2\/posts"}],"about":[{"href":"https:\/\/telediarioqueretaro.co\/index.php?rest_route=\/wp\/v2\/types\/post"}],"author":[{"embeddable":true,"href":"https:\/\/telediarioqueretaro.co\/index.php?rest_route=\/wp\/v2\/users\/1"}],"replies":[{"embeddable":true,"href":"https:\/\/telediarioqueretaro.co\/index.php?rest_route=%2Fwp%2Fv2%2Fcomments&post=1902"}],"version-history":[{"count":1,"href":"https:\/\/telediarioqueretaro.co\/index.php?rest_route=\/wp\/v2\/posts\/1902\/revisions"}],"predecessor-version":[{"id":1904,"href":"https:\/\/telediarioqueretaro.co\/index.php?rest_route=\/wp\/v2\/posts\/1902\/revisions\/1904"}],"wp:featuredmedia":[{"embeddable":true,"href":"https:\/\/telediarioqueretaro.co\/index.php?rest_route=\/wp\/v2\/media\/1903"}],"wp:attachment":[{"href":"https:\/\/telediarioqueretaro.co\/index.php?rest_route=%2Fwp%2Fv2%2Fmedia&parent=1902"}],"wp:term":[{"taxonomy":"category","embeddable":true,"href":"https:\/\/telediarioqueretaro.co\/index.php?rest_route=%2Fwp%2Fv2%2Fcategories&post=1902"},{"taxonomy":"post_tag","embeddable":true,"href":"https:\/\/telediarioqueretaro.co\/index.php?rest_route=%2Fwp%2Fv2%2Ftags&post=1902"}],"curies":[{"name":"wp","href":"https:\/\/api.w.org\/{rel}","templated":true}]}}