{"id":1965,"date":"2023-06-12T12:34:14","date_gmt":"2023-06-12T12:34:14","guid":{"rendered":"https:\/\/telediarioqueretaro.co\/?p=1965"},"modified":"2023-06-12T12:34:15","modified_gmt":"2023-06-12T12:34:15","slug":"aterriza-avionetaen-la-carretera-tuxpan-papantla","status":"publish","type":"post","link":"https:\/\/telediarioqueretaro.co\/?p=1965","title":{"rendered":"Aterriza avioneta\u2026\u00a1En la carretera Tuxpan-Papantla!"},"content":{"rendered":"\n<p>El percance se registr\u00f3 aproximadamente a las 13:00 horas, a la altura del kil\u00f3metro 188 de la v\u00eda, en la localidad de Totomoxtle.<\/p>\n\n\n\n<figure class=\"wp-block-image size-large\"><img loading=\"lazy\" decoding=\"async\" width=\"1128\" height=\"827\" src=\"https:\/\/telediarioqueretaro.co\/wp-content\/uploads\/2023\/06\/1-1024x751.png\" alt=\"\" class=\"wp-image-1966\" srcset=\"https:\/\/telediarioqueretaro.co\/wp-content\/uploads\/2023\/06\/1-1024x751.png 1024w, https:\/\/telediarioqueretaro.co\/wp-content\/uploads\/2023\/06\/1-300x220.png 300w, https:\/\/telediarioqueretaro.co\/wp-content\/uploads\/2023\/06\/1-768x563.png 768w, https:\/\/telediarioqueretaro.co\/wp-content\/uploads\/2023\/06\/1.png 1128w\" sizes=\"auto, (max-width: 1128px) 100vw, 1128px\" \/><\/figure>\n\n\n\n<p>Veracruz.- Una avioneta aterriz\u00f3 de emergencia este domingo sobre los carriles de la carretera\u00a0Tuxpan-Papantla, en la zona norte de Veracruz, lo cual no provoc\u00f3 lesiones en su piloto ni dos pasajeros, de acuerdo con informaci\u00f3n oficial.<\/p>\n\n\n\n<p>El percance se registr\u00f3 aproximadamente a las 13:00 horas, a la altura del kil\u00f3metro 188 de la v\u00eda, en la localidad de\u00a0Totomoxtle.<\/p>\n\n\n\n<p>Desde esa hora, se reportaron cierres automovil\u00edsticos en la zona por tareas de limpieza, dejando de forma intermitente el paso abierto en un s\u00f3lo carril.<\/p>\n\n\n\n<p>&#8220;Comentar que la circulaci\u00f3n sigue detenida en parte porque estamos esperando hacer algunos trabajos y se va a mantener la coordinaci\u00f3n de las fuerzas de tarea para poder llevar a cabo estos trabajos&#8221;, a\u00f1adi\u00f3 posterior a las 19:00 horas.<\/p>\n\n\n\n<p>Adem\u00e1s de esta instituci\u00f3n, tambi\u00e9n llegaron a la zona, ubicada a unos 237 kil\u00f3metros de distancia de Xalapa, la capital estatal, elementos de la\u00a0Guardia Nacional, Capufe, Fuerza Civil\u00a0y\u00a0Bomberos Voluntarios de Papantla,\u00a0as\u00ed como del personal del Aeropuerto Taj\u00edn.<\/p>\n\n\n\n<p>Se presume que la avioneta sali\u00f3 desde\u00a0Tamaulipas\u00a0y ten\u00eda como destino final\u00a0Tabasco.<\/p>\n","protected":false},"excerpt":{"rendered":"<p>El percance se registr\u00f3 aproximadamente a las 13:00 horas, a la altura del kil\u00f3metro 188 de la v\u00eda, en la localidad de Totomoxtle. Veracruz.- Una avioneta aterriz\u00f3 de emergencia este domingo sobre los carriles de la carretera\u00a0Tuxpan-Papantla, en la zona norte de Veracruz, lo cual no provoc\u00f3 lesiones en su [&hellip;]<\/p>\n","protected":false},"author":2,"featured_media":1966,"comment_status":"open","ping_status":"open","sticky":false,"template":"","format":"standard","meta":{"footnotes":""},"categories":[1],"tags":[],"class_list":["post-1965","post","type-post","status-publish","format-standard","has-post-thumbnail","hentry","category-sin-categoria"],"_links":{"self":[{"href":"https:\/\/telediarioqueretaro.co\/index.php?rest_route=\/wp\/v2\/posts\/1965","targetHints":{"allow":["GET"]}}],"collection":[{"href":"https:\/\/telediarioqueretaro.co\/index.php?rest_route=\/wp\/v2\/posts"}],"about":[{"href":"https:\/\/telediarioqueretaro.co\/index.php?rest_route=\/wp\/v2\/types\/post"}],"author":[{"embeddable":true,"href":"https:\/\/telediarioqueretaro.co\/index.php?rest_route=\/wp\/v2\/users\/2"}],"replies":[{"embeddable":true,"href":"https:\/\/telediarioqueretaro.co\/index.php?rest_route=%2Fwp%2Fv2%2Fcomments&post=1965"}],"version-history":[{"count":1,"href":"https:\/\/telediarioqueretaro.co\/index.php?rest_route=\/wp\/v2\/posts\/1965\/revisions"}],"predecessor-version":[{"id":1967,"href":"https:\/\/telediarioqueretaro.co\/index.php?rest_route=\/wp\/v2\/posts\/1965\/revisions\/1967"}],"wp:featuredmedia":[{"embeddable":true,"href":"https:\/\/telediarioqueretaro.co\/index.php?rest_route=\/wp\/v2\/media\/1966"}],"wp:attachment":[{"href":"https:\/\/telediarioqueretaro.co\/index.php?rest_route=%2Fwp%2Fv2%2Fmedia&parent=1965"}],"wp:term":[{"taxonomy":"category","embeddable":true,"href":"https:\/\/telediarioqueretaro.co\/index.php?rest_route=%2Fwp%2Fv2%2Fcategories&post=1965"},{"taxonomy":"post_tag","embeddable":true,"href":"https:\/\/telediarioqueretaro.co\/index.php?rest_route=%2Fwp%2Fv2%2Ftags&post=1965"}],"curies":[{"name":"wp","href":"https:\/\/api.w.org\/{rel}","templated":true}]}}