{"id":1968,"date":"2023-06-12T12:42:02","date_gmt":"2023-06-12T12:42:02","guid":{"rendered":"https:\/\/telediarioqueretaro.co\/?p=1968"},"modified":"2023-06-12T12:42:02","modified_gmt":"2023-06-12T12:42:02","slug":"instala-inai-red-de-unidades-de-transparencia","status":"publish","type":"post","link":"https:\/\/telediarioqueretaro.co\/?p=1968","title":{"rendered":"Instala INAI red de unidades de transparencia"},"content":{"rendered":"\n<p>La red, que busca integrar a los m\u00e1s de 800 sujetos obligados de la Federaci\u00f3n, se instala a ocho a\u00f1os de promulgada la Ley de Transparencia.<\/p>\n\n\n\n<figure class=\"wp-block-image size-full\"><img loading=\"lazy\" decoding=\"async\" width=\"969\" height=\"569\" src=\"https:\/\/telediarioqueretaro.co\/wp-content\/uploads\/2023\/06\/2-1.png\" alt=\"\" class=\"wp-image-1970\" srcset=\"https:\/\/telediarioqueretaro.co\/wp-content\/uploads\/2023\/06\/2-1.png 969w, https:\/\/telediarioqueretaro.co\/wp-content\/uploads\/2023\/06\/2-1-300x176.png 300w, https:\/\/telediarioqueretaro.co\/wp-content\/uploads\/2023\/06\/2-1-768x451.png 768w\" sizes=\"auto, (max-width: 969px) 100vw, 969px\" \/><\/figure>\n\n\n\n<p> A fin de optimizar las buenas pr\u00e1cticas entre los sujetos obligados a brindar informaci\u00f3n p\u00fablica, el\u00a0INAI\u00a0instal\u00f3 la\u00a0Red Federal de Unidades de Transparencia.<\/p>\n\n\n\n<p>La red, que busca integrar a los m\u00e1s de 800 sujetos obligados de la\u00a0Federaci\u00f3n, se instala a ocho a\u00f1os de promulgada la Ley de Transparencia.<\/p>\n\n\n\n<p>En la instalaci\u00f3n de la red, el comisionado<strong>\u00a0<\/strong>Adri\u00e1n Alcal\u00e1<strong>\u00a0<\/strong>afirm\u00f3 que \u00e9sta busca consolidarse como un foro de an\u00e1lisis, discusi\u00f3n e intercambio de buenas pr\u00e1cticas entre quienes integran las unidades de transparencia a nivel federal.<\/p>\n\n\n\n<p>En estas unidades habr\u00e1 sesiones peri\u00f3dicas, en las que se lleven acuerdos y un cronograma de trabajo para mejorar los procesos al interior de los sujetos obligados<\/p>\n\n\n\n<p>&#8220;Las Unidades de Transparencia son ese enlace para fortalecer la democracia, para fortalecer los derechos de protecci\u00f3n de datos personales y de acceso a la informaci\u00f3n (&#8230;) El INAI sigue trabajando y sigue de pie&#8221;, puntualiz\u00f3 Alcal\u00e1.<\/p>\n\n\n\n<p>&#8220;La Red tambi\u00e9n nos permitir\u00e1 crear alianzas y trabajar en equipo para pensar y dise\u00f1ar soluciones que contribuyan al mejoramiento del ejercicio de los derechos ya mencionados&#8221;, expuso el director general de Asuntos Jur\u00eddicos y titular de la Unidad de Transparencia del INAI,\u00a0Gonzalo S\u00e1nchez de Tagle.<\/p>\n\n\n\n<p>El trabajo de la red, explic\u00f3\u00a0Sandra Sadoval, directora de Gesti\u00f3n de la Unidad de Enlace del INAI, se desarrollar\u00e1 en tres sesiones: en la primera, se abordar\u00e1n las acciones promovidas para la implementaci\u00f3n de pol\u00edticas de transparencia proactiva y el proceso de identificaci\u00f3n y generaci\u00f3n de informaci\u00f3n en formato de datos abiertos.<\/p>\n\n\n\n<p>En la segunda, la funci\u00f3n de recibir, tramitar y dar respuesta a las solicitudes de informaci\u00f3n presentadas por la ciudadan\u00eda, y en la tercera, las acciones realizadas para cumplir con las obligaciones, principios y deberes de la Ley General de Protecci\u00f3n de Datos Personales.<\/p>\n\n\n\n<p>En el evento, se present\u00f3 tambi\u00e9n la Gu\u00eda pr\u00e1ctica para la atenci\u00f3n de solicitudes de informaci\u00f3n p\u00fablica y de protecci\u00f3n de datos personales, a trav\u00e9s del Sistema de Solicitudes de Acceso a la Informaci\u00f3n (SISAI) de la Plataforma Nacional de Transparencia (PNT).<\/p>\n","protected":false},"excerpt":{"rendered":"<p>La red, que busca integrar a los m\u00e1s de 800 sujetos obligados de la Federaci\u00f3n, se instala a ocho a\u00f1os de promulgada la Ley de Transparencia. A fin de optimizar las buenas pr\u00e1cticas entre los sujetos obligados a brindar informaci\u00f3n p\u00fablica, el\u00a0INAI\u00a0instal\u00f3 la\u00a0Red Federal de Unidades de Transparencia. La red, [&hellip;]<\/p>\n","protected":false},"author":2,"featured_media":1969,"comment_status":"open","ping_status":"open","sticky":false,"template":"","format":"standard","meta":{"footnotes":""},"categories":[1],"tags":[],"class_list":["post-1968","post","type-post","status-publish","format-standard","has-post-thumbnail","hentry","category-sin-categoria"],"_links":{"self":[{"href":"https:\/\/telediarioqueretaro.co\/index.php?rest_route=\/wp\/v2\/posts\/1968","targetHints":{"allow":["GET"]}}],"collection":[{"href":"https:\/\/telediarioqueretaro.co\/index.php?rest_route=\/wp\/v2\/posts"}],"about":[{"href":"https:\/\/telediarioqueretaro.co\/index.php?rest_route=\/wp\/v2\/types\/post"}],"author":[{"embeddable":true,"href":"https:\/\/telediarioqueretaro.co\/index.php?rest_route=\/wp\/v2\/users\/2"}],"replies":[{"embeddable":true,"href":"https:\/\/telediarioqueretaro.co\/index.php?rest_route=%2Fwp%2Fv2%2Fcomments&post=1968"}],"version-history":[{"count":1,"href":"https:\/\/telediarioqueretaro.co\/index.php?rest_route=\/wp\/v2\/posts\/1968\/revisions"}],"predecessor-version":[{"id":1971,"href":"https:\/\/telediarioqueretaro.co\/index.php?rest_route=\/wp\/v2\/posts\/1968\/revisions\/1971"}],"wp:featuredmedia":[{"embeddable":true,"href":"https:\/\/telediarioqueretaro.co\/index.php?rest_route=\/wp\/v2\/media\/1969"}],"wp:attachment":[{"href":"https:\/\/telediarioqueretaro.co\/index.php?rest_route=%2Fwp%2Fv2%2Fmedia&parent=1968"}],"wp:term":[{"taxonomy":"category","embeddable":true,"href":"https:\/\/telediarioqueretaro.co\/index.php?rest_route=%2Fwp%2Fv2%2Fcategories&post=1968"},{"taxonomy":"post_tag","embeddable":true,"href":"https:\/\/telediarioqueretaro.co\/index.php?rest_route=%2Fwp%2Fv2%2Ftags&post=1968"}],"curies":[{"name":"wp","href":"https:\/\/api.w.org\/{rel}","templated":true}]}}