{"id":1987,"date":"2023-06-15T08:06:00","date_gmt":"2023-06-15T08:06:00","guid":{"rendered":"https:\/\/telediarioqueretaro.co\/?p=1987"},"modified":"2023-06-12T13:08:54","modified_gmt":"2023-06-12T13:08:54","slug":"via-publica-no-se-puede-negociar-arturo-molina","status":"publish","type":"post","link":"https:\/\/telediarioqueretaro.co\/?p=1987","title":{"rendered":"\u201cV\u00eda p\u00fablica no se puede negociar\u201d: Arturo Molina"},"content":{"rendered":"\n<p>En espacios como el Estadio Corregidora, deber\u00e1n tener un acercamiento con los empresarios por ser \u201cun tema entre particulares<\/p>\n\n\n\n<figure class=\"wp-block-image size-full\"><img loading=\"lazy\" decoding=\"async\" width=\"730\" height=\"439\" src=\"https:\/\/telediarioqueretaro.co\/wp-content\/uploads\/2023\/06\/imagen_2023-06-12_070711767.png\" alt=\"\" class=\"wp-image-1988\" srcset=\"https:\/\/telediarioqueretaro.co\/wp-content\/uploads\/2023\/06\/imagen_2023-06-12_070711767.png 730w, https:\/\/telediarioqueretaro.co\/wp-content\/uploads\/2023\/06\/imagen_2023-06-12_070711767-300x180.png 300w\" sizes=\"auto, (max-width: 730px) 100vw, 730px\" \/><\/figure>\n\n\n\n<p>El secretario de gobierno del Municipio de Quer\u00e9taro,\u00a0Arturo Molina Zamora, dej\u00f3 claro que la\u00a0v\u00eda p\u00fablica no es negociable, como pretenden algunos\u00a0grupos de franeleros\u00a0que buscan espacios para trabajar.<\/p>\n\n\n\n<p><em>&#8220;La posici\u00f3n municipal es muy clara, no se puede negociar la v\u00eda p\u00fablica, ese es el posicionamiento, es importante decir que el Reglamento de Justicia Administrativa lo establece, es perfectamente claro que no se puede en la v\u00eda p\u00fablica ni cobrar, ni hacer apartados&#8221;,<\/em>\u00a0afirm\u00f3.<\/p>\n\n\n\n<p>Luego de la\u00a0manifestaci\u00f3n de franeleros\u00a0del fin de semana pasado, que\u00a0ped\u00edan trabajar en el Estadio Corregidora,\u00a0el secretario dijo que para este caso, est\u00e1n revisando opciones, para que \u00e9stos tengan un acercamiento con los empresarios, pues ah\u00ed\u00a0se trata de \u201cun tema entre particulares\u201d.<\/p>\n\n\n\n<p><em>\u201cEstamos buscado opciones, estamos viendo c\u00f3mo poder trabajar para que ellos tengan un acercamiento con los empresarios, porque es un tema otra vez entre particulares, nosotros no le podemos exigir a un recinto como la Plaza de Toros de que tenga que darles autorizaci\u00f3n\u201d,<\/em>\u00a0dijo.<\/p>\n\n\n\n<p>Indic\u00f3 que en la capital\u00a0no existe un padr\u00f3n de franeleros y la actividad no est\u00e1 regulada, pero se tienen identificadas dos organizaciones, que integran alrededor de 80 personas. Algunos franeleros son de aqu\u00ed, pero algunos otros vienen del Estado de M\u00e9xico, que se enteran de los eventos.<\/p>\n\n\n\n<p><em>\u201cHoy no est\u00e1 regulado, pero se puede trabajar en ese sentido, para buscar mecanismos y poderlo checar; nos ha pasado, que en un negocio cuando llega el usuario y se estaciona no hay problema, en problema es cuando llegan los franeleros, se apropian de los espacios, lo empiezan a cobrar y seguridad privada entra y les explica que no pueden negociar con un espacio privado\u201d<\/em>, refiri\u00f3.<\/p>\n\n\n\n<p>Arturo Molina puntualiz\u00f3 que\u00a0est\u00e1 prohibido apartar lugares o cobrar por el uso de la v\u00eda p\u00fablica, y quienes lo hagan pueden ser acreedores a una\u00a0sanci\u00f3n administrativa, con un arresto de hasta 36 horas. En este sentido, los franeleros pueden ser denunciados por la poblaci\u00f3n afectada.<\/p>\n\n\n\n<p><em>\u201cHay dos v\u00edas, una de la de Movilidad, para el caso del apartado que se pueda realizar, y la otras es la que el propio Reglamento de Justicia Administrativa marca y es dependiendo la conducta que se pudiera realizar, hasta una sanci\u00f3n administrativa de arresto hasta por 36 horas\u201d<\/em>, explic\u00f3.<\/p>\n\n\n\n<p>Esta actividad, regularmente\u00a0se registran en lugares cercanos al Auditorio Josefa Ortiz de Dom\u00ednguez, Plaza de Toros, Plaza Juriquilla y el Estadio Corregidora, solo cuando hay alg\u00fan evento. Tambi\u00e9n se registra en algunos puntos de la v\u00eda p\u00fablica, como son mercados p\u00fablicos.<\/p>\n\n\n\n<p>Dijo que al momento,\u00a0diez personas han sido remitidas a los Juzgados C\u00edvicos por ejercer la actividad.<\/p>\n\n\n\n<p>Al respecto, el alcalde Luis Nava dijo que se busca establecer la regulaci\u00f3n de esta actividad, sin embargo \u201cno est\u00e1 a negociaci\u00f3n la v\u00eda p\u00fablica; partiendo de ah\u00ed, los mecanismos tendr\u00e1n que buscarse a trav\u00e9s del di\u00e1logo, pero ser\u00eda como concesionar la v\u00eda p\u00fablica, y eso no se puede\u201d.<\/p>\n","protected":false},"excerpt":{"rendered":"<p>En espacios como el Estadio Corregidora, deber\u00e1n tener un acercamiento con los empresarios por ser \u201cun tema entre particulares El secretario de gobierno del Municipio de Quer\u00e9taro,\u00a0Arturo Molina Zamora, dej\u00f3 claro que la\u00a0v\u00eda p\u00fablica no es negociable, como pretenden algunos\u00a0grupos de franeleros\u00a0que buscan espacios para trabajar. &#8220;La posici\u00f3n municipal es [&hellip;]<\/p>\n","protected":false},"author":2,"featured_media":1988,"comment_status":"open","ping_status":"open","sticky":false,"template":"","format":"standard","meta":{"footnotes":""},"categories":[1],"tags":[],"class_list":["post-1987","post","type-post","status-publish","format-standard","has-post-thumbnail","hentry","category-sin-categoria"],"_links":{"self":[{"href":"https:\/\/telediarioqueretaro.co\/index.php?rest_route=\/wp\/v2\/posts\/1987","targetHints":{"allow":["GET"]}}],"collection":[{"href":"https:\/\/telediarioqueretaro.co\/index.php?rest_route=\/wp\/v2\/posts"}],"about":[{"href":"https:\/\/telediarioqueretaro.co\/index.php?rest_route=\/wp\/v2\/types\/post"}],"author":[{"embeddable":true,"href":"https:\/\/telediarioqueretaro.co\/index.php?rest_route=\/wp\/v2\/users\/2"}],"replies":[{"embeddable":true,"href":"https:\/\/telediarioqueretaro.co\/index.php?rest_route=%2Fwp%2Fv2%2Fcomments&post=1987"}],"version-history":[{"count":1,"href":"https:\/\/telediarioqueretaro.co\/index.php?rest_route=\/wp\/v2\/posts\/1987\/revisions"}],"predecessor-version":[{"id":1989,"href":"https:\/\/telediarioqueretaro.co\/index.php?rest_route=\/wp\/v2\/posts\/1987\/revisions\/1989"}],"wp:featuredmedia":[{"embeddable":true,"href":"https:\/\/telediarioqueretaro.co\/index.php?rest_route=\/wp\/v2\/media\/1988"}],"wp:attachment":[{"href":"https:\/\/telediarioqueretaro.co\/index.php?rest_route=%2Fwp%2Fv2%2Fmedia&parent=1987"}],"wp:term":[{"taxonomy":"category","embeddable":true,"href":"https:\/\/telediarioqueretaro.co\/index.php?rest_route=%2Fwp%2Fv2%2Fcategories&post=1987"},{"taxonomy":"post_tag","embeddable":true,"href":"https:\/\/telediarioqueretaro.co\/index.php?rest_route=%2Fwp%2Fv2%2Ftags&post=1987"}],"curies":[{"name":"wp","href":"https:\/\/api.w.org\/{rel}","templated":true}]}}