{"id":2009,"date":"2023-06-13T18:55:19","date_gmt":"2023-06-13T18:55:19","guid":{"rendered":"https:\/\/telediarioqueretaro.co\/?p=2009"},"modified":"2023-06-13T18:55:20","modified_gmt":"2023-06-13T18:55:20","slug":"advierte-carlos-medina-que-en-guanajuato-la-eleccion-del-2024-no-sera-sencilla","status":"publish","type":"post","link":"https:\/\/telediarioqueretaro.co\/?p=2009","title":{"rendered":"Advierte Carlos Medina que en Guanajuato la elecci\u00f3n del 2024 no ser\u00e1 sencilla"},"content":{"rendered":"\n<figure class=\"wp-block-image size-full\"><img loading=\"lazy\" decoding=\"async\" width=\"671\" height=\"375\" src=\"https:\/\/telediarioqueretaro.co\/wp-content\/uploads\/2023\/06\/1-4.png\" alt=\"\" class=\"wp-image-2010\" srcset=\"https:\/\/telediarioqueretaro.co\/wp-content\/uploads\/2023\/06\/1-4.png 671w, https:\/\/telediarioqueretaro.co\/wp-content\/uploads\/2023\/06\/1-4-300x168.png 300w\" sizes=\"auto, (max-width: 671px) 100vw, 671px\" \/><\/figure>\n\n\n\n<p>El primer Gobernador del PAN en Guanajuato y actual consejero nacional, Carlos Medina Plascencia, advierte a su partido que la gubernatura de Guanajuato \u201cno est\u00e1 en la bolsa\u201d.<\/p>\n\n\n\n<p>Las condiciones para ganar la gubernatura est\u00e1n dadas, pero es indispensable que el proceso de selecci\u00f3n de qui\u00e9n sea el candidato, o la candidata como ya se anticipa, garantice la unidad y la legitimidad con el respaldo de la militancia, pero tambi\u00e9n de la sociedad, se\u00f1al\u00f3 el empresario y pol\u00edtico.<\/p>\n\n\n\n<p>Para la elecci\u00f3n del candidato presidencial de la eventual alianza \u201cVa por M\u00e9xico\u201d, es lo mismo: o se abren a la sociedad o la decisi\u00f3n cupular terminar\u00e1 con toda aspiraci\u00f3n, dijo.<\/p>\n","protected":false},"excerpt":{"rendered":"<p>El primer Gobernador del PAN en Guanajuato y actual consejero nacional, Carlos Medina Plascencia, advierte a su partido que la gubernatura de Guanajuato \u201cno est\u00e1 en la bolsa\u201d. Las condiciones para ganar la gubernatura est\u00e1n dadas, pero es indispensable que el proceso de selecci\u00f3n de qui\u00e9n sea el candidato, o [&hellip;]<\/p>\n","protected":false},"author":2,"featured_media":2010,"comment_status":"open","ping_status":"open","sticky":false,"template":"","format":"standard","meta":{"footnotes":""},"categories":[1],"tags":[],"class_list":["post-2009","post","type-post","status-publish","format-standard","has-post-thumbnail","hentry","category-sin-categoria"],"_links":{"self":[{"href":"https:\/\/telediarioqueretaro.co\/index.php?rest_route=\/wp\/v2\/posts\/2009","targetHints":{"allow":["GET"]}}],"collection":[{"href":"https:\/\/telediarioqueretaro.co\/index.php?rest_route=\/wp\/v2\/posts"}],"about":[{"href":"https:\/\/telediarioqueretaro.co\/index.php?rest_route=\/wp\/v2\/types\/post"}],"author":[{"embeddable":true,"href":"https:\/\/telediarioqueretaro.co\/index.php?rest_route=\/wp\/v2\/users\/2"}],"replies":[{"embeddable":true,"href":"https:\/\/telediarioqueretaro.co\/index.php?rest_route=%2Fwp%2Fv2%2Fcomments&post=2009"}],"version-history":[{"count":1,"href":"https:\/\/telediarioqueretaro.co\/index.php?rest_route=\/wp\/v2\/posts\/2009\/revisions"}],"predecessor-version":[{"id":2011,"href":"https:\/\/telediarioqueretaro.co\/index.php?rest_route=\/wp\/v2\/posts\/2009\/revisions\/2011"}],"wp:featuredmedia":[{"embeddable":true,"href":"https:\/\/telediarioqueretaro.co\/index.php?rest_route=\/wp\/v2\/media\/2010"}],"wp:attachment":[{"href":"https:\/\/telediarioqueretaro.co\/index.php?rest_route=%2Fwp%2Fv2%2Fmedia&parent=2009"}],"wp:term":[{"taxonomy":"category","embeddable":true,"href":"https:\/\/telediarioqueretaro.co\/index.php?rest_route=%2Fwp%2Fv2%2Fcategories&post=2009"},{"taxonomy":"post_tag","embeddable":true,"href":"https:\/\/telediarioqueretaro.co\/index.php?rest_route=%2Fwp%2Fv2%2Ftags&post=2009"}],"curies":[{"name":"wp","href":"https:\/\/api.w.org\/{rel}","templated":true}]}}