{"id":2127,"date":"2023-06-29T15:56:19","date_gmt":"2023-06-29T15:56:19","guid":{"rendered":"https:\/\/telediarioqueretaro.co\/?p=2127"},"modified":"2023-06-29T15:56:20","modified_gmt":"2023-06-29T15:56:20","slug":"gobernador-de-queretaro-presentara-plan-de-energia","status":"publish","type":"post","link":"https:\/\/telediarioqueretaro.co\/?p=2127","title":{"rendered":"Gobernador de Quer\u00e9taro presentar\u00e1 plan de energ\u00eda"},"content":{"rendered":"\n<figure class=\"wp-block-image size-large\"><img loading=\"lazy\" decoding=\"async\" width=\"1024\" height=\"651\" src=\"https:\/\/telediarioqueretaro.co\/wp-content\/uploads\/2023\/06\/imagen_2023-06-29_095612319-1024x651.png\" alt=\"\" class=\"wp-image-2128\" srcset=\"https:\/\/telediarioqueretaro.co\/wp-content\/uploads\/2023\/06\/imagen_2023-06-29_095612319-1024x651.png 1024w, https:\/\/telediarioqueretaro.co\/wp-content\/uploads\/2023\/06\/imagen_2023-06-29_095612319-300x191.png 300w, https:\/\/telediarioqueretaro.co\/wp-content\/uploads\/2023\/06\/imagen_2023-06-29_095612319-768x488.png 768w, https:\/\/telediarioqueretaro.co\/wp-content\/uploads\/2023\/06\/imagen_2023-06-29_095612319.png 1181w\" sizes=\"auto, (max-width: 1024px) 100vw, 1024px\" \/><\/figure>\n\n\n\n<p>El gobernador del Estado, Mauricio Kuri Gonz\u00e1lez, adelant\u00f3 que en los pr\u00f3ximos d\u00edas presentar\u00e1 el plan de energ\u00eda.<\/p>\n\n\n\n<p>Esto con el objetivo de hacerle frente a la falta de este servicio en algunas parte de la zona metropolitana.<\/p>\n\n\n\n<p>\u201cLa realidad es que en este momento la pol\u00edtica de la Federaci\u00f3n no est\u00e1 en dejar la generaci\u00f3n de energ\u00eda, nuestro gran problema es la transmisi\u00f3n, que eso es lo que tenemos que hacer un gran esfuerzo y pronto le estaremos comentando a los queretanos\u201d, expres\u00f3.<\/p>\n\n\n\n<p>Reconoci\u00f3 que actualmente la pol\u00edtica de la Federaci\u00f3n no permite la generaci\u00f3n de energ\u00eda pero se trabajar\u00e1 en el tema de la transmisi\u00f3n en la entidad.<\/p>\n","protected":false},"excerpt":{"rendered":"<p>El gobernador del Estado, Mauricio Kuri Gonz\u00e1lez, adelant\u00f3 que en los pr\u00f3ximos d\u00edas presentar\u00e1 el plan de energ\u00eda. Esto con el objetivo de hacerle frente a la falta de este servicio en algunas parte de la zona metropolitana. \u201cLa realidad es que en este momento la pol\u00edtica de la Federaci\u00f3n [&hellip;]<\/p>\n","protected":false},"author":2,"featured_media":0,"comment_status":"open","ping_status":"open","sticky":false,"template":"","format":"standard","meta":{"footnotes":""},"categories":[1],"tags":[],"class_list":["post-2127","post","type-post","status-publish","format-standard","hentry","category-sin-categoria"],"_links":{"self":[{"href":"https:\/\/telediarioqueretaro.co\/index.php?rest_route=\/wp\/v2\/posts\/2127","targetHints":{"allow":["GET"]}}],"collection":[{"href":"https:\/\/telediarioqueretaro.co\/index.php?rest_route=\/wp\/v2\/posts"}],"about":[{"href":"https:\/\/telediarioqueretaro.co\/index.php?rest_route=\/wp\/v2\/types\/post"}],"author":[{"embeddable":true,"href":"https:\/\/telediarioqueretaro.co\/index.php?rest_route=\/wp\/v2\/users\/2"}],"replies":[{"embeddable":true,"href":"https:\/\/telediarioqueretaro.co\/index.php?rest_route=%2Fwp%2Fv2%2Fcomments&post=2127"}],"version-history":[{"count":1,"href":"https:\/\/telediarioqueretaro.co\/index.php?rest_route=\/wp\/v2\/posts\/2127\/revisions"}],"predecessor-version":[{"id":2129,"href":"https:\/\/telediarioqueretaro.co\/index.php?rest_route=\/wp\/v2\/posts\/2127\/revisions\/2129"}],"wp:attachment":[{"href":"https:\/\/telediarioqueretaro.co\/index.php?rest_route=%2Fwp%2Fv2%2Fmedia&parent=2127"}],"wp:term":[{"taxonomy":"category","embeddable":true,"href":"https:\/\/telediarioqueretaro.co\/index.php?rest_route=%2Fwp%2Fv2%2Fcategories&post=2127"},{"taxonomy":"post_tag","embeddable":true,"href":"https:\/\/telediarioqueretaro.co\/index.php?rest_route=%2Fwp%2Fv2%2Ftags&post=2127"}],"curies":[{"name":"wp","href":"https:\/\/api.w.org\/{rel}","templated":true}]}}