{"id":2133,"date":"2023-06-29T17:19:00","date_gmt":"2023-06-29T17:19:00","guid":{"rendered":"https:\/\/telediarioqueretaro.co\/?p=2133"},"modified":"2023-06-29T16:33:07","modified_gmt":"2023-06-29T16:33:07","slug":"mauricio-kuri-dice-no-a-candidatura","status":"publish","type":"post","link":"https:\/\/telediarioqueretaro.co\/?p=2133","title":{"rendered":"Mauricio Kuri dice no a candidatura"},"content":{"rendered":"\n<p>\u201cYo creo que si me aviento ahorita a participar, los queretanos me agarran a trancazos\u201d: gobernador<\/p>\n\n\n\n<figure class=\"wp-block-image size-full\"><img loading=\"lazy\" decoding=\"async\" width=\"751\" height=\"466\" src=\"https:\/\/telediarioqueretaro.co\/wp-content\/uploads\/2023\/06\/imagen_2023-06-29_102207198.png\" alt=\"\" class=\"wp-image-2134\" srcset=\"https:\/\/telediarioqueretaro.co\/wp-content\/uploads\/2023\/06\/imagen_2023-06-29_102207198.png 751w, https:\/\/telediarioqueretaro.co\/wp-content\/uploads\/2023\/06\/imagen_2023-06-29_102207198-300x186.png 300w\" sizes=\"auto, (max-width: 751px) 100vw, 751px\" \/><\/figure>\n\n\n\n<p>Mauricio Kuri Gonz\u00e1lez dijo de nuevo que&nbsp;no tiene la intenci\u00f3n de inscribirse en el proceso de selecci\u00f3n dentro de su partido con miras al 2024, a pesar de que ha recibido muestras de apoyo por parte de diferentes sectores empresariales y pol\u00edticos en varias partes del pa\u00eds.<\/p>\n\n\n\n<p>Puntualiz\u00f3 que por ahora&nbsp;tiene el compromiso de cumplir con los queretanos, que es terminar las obras del Paseo 5 de Febrero, as\u00ed como lo relacionado con el agua y la energ\u00eda.<\/p>\n\n\n\n<p>&#8220;<em>Yo creo que se me aviento ahorita a participar, los queretanos me agarran a trancazos. Lo primero que tengo que hacer es terminar 5 de Febrero, arreglar el problema del agua, el problema de la energ\u00eda, seguir apoyando a Quer\u00e9taro con la seguridad y francamente yo quisiera dejar un mejor Quer\u00e9taro\u201d,<\/em>&nbsp;afirm\u00f3.<\/p>\n\n\n\n<p>Precis\u00f3 que&nbsp;su idea es apoyar como ciudadano a quien quede en la alianza,&nbsp;pero nada m\u00e1s.<\/p>\n\n\n\n<p>Al ser cuestionado sobre si ha recibido apoyo por parte de grupos empresariales o de otro sector, asegur\u00f3 que s\u00ed, pero insisti\u00f3 en que por&nbsp;ahora est\u00e1 concentrado en dejar un mejor estado.<\/p>\n\n\n\n<p><em>\u201cSiento bonito. Porque me han invitado de todas partes del pa\u00eds para que la busque, pero no, yo me quedo en Quer\u00e9taro. No escucho el canto de las sirenas y s\u00e9 mis capacidades y mi capacidad en este momento est\u00e1 en Quer\u00e9taro\u201d,<\/em>&nbsp;aclar\u00f3 el gobernador.<\/p>\n\n\n\n<p>Mauricio Kuri coment\u00f3 que ve un&nbsp;esfuerzo grande por de los partidos de unirse a la sociedad civil,&nbsp;aunque precis\u00f3 que es entendible que hay candados, pero que finalmente los partidos son quienes ponen las reglas.<\/p>\n\n\n\n<p><em>\u201cLa oposici\u00f3n empez\u00f3 a poner en la agenda el proceso de selecci\u00f3n, porque hab\u00eda una gran cantidad de organismos de la sociedad civil en donde se ped\u00eda que los ciudadanos fueran tomados en cuenta\u201d,&nbsp;<\/em>argument\u00f3.<\/p>\n\n\n\n<p>El jefe del Ejecutivo estatal mencion\u00f3 que los ciudadanos fueron tomados en cuenta, ya que hay personas que se han metido para ser candidatos en una elecci\u00f3n muy compleja.<\/p>\n\n\n\n<p>Sobre sus favoritos para que puedan contender Kuri Gonz\u00e1lez se refiri\u00f3 a X\u00f3chitl G\u00e1lvez a quien consider\u00f3 una mujer trabajadora que no pertenece a ning\u00fan partido pol\u00edtico. Otro, afirm\u00f3, es Santiago Creel quien, asegur\u00f3 que tiene una gran trayectoria.<\/p>\n\n\n\n<p>Respecto a la decisi\u00f3n de Lily T\u00e9llez de bajarse de la contienda, indic\u00f3 que fue \u00e9l quien la convenci\u00f3 a unirse al grupo parlamentario del PAN.<\/p>\n\n\n\n<p><em>\u201cEstamos en justo tiempo y creo que de aqu\u00ed a diciembre podemos tener un candidato sobre todo legitimado, que es lo que le ped\u00edan mucho a la oposici\u00f3n\u201d, r<\/em>emarc\u00f3.<\/p>\n","protected":false},"excerpt":{"rendered":"<p>\u201cYo creo que si me aviento ahorita a participar, los queretanos me agarran a trancazos\u201d: gobernador Mauricio Kuri Gonz\u00e1lez dijo de nuevo que&nbsp;no tiene la intenci\u00f3n de inscribirse en el proceso de selecci\u00f3n dentro de su partido con miras al 2024, a pesar de que ha recibido muestras de apoyo [&hellip;]<\/p>\n","protected":false},"author":2,"featured_media":2134,"comment_status":"open","ping_status":"open","sticky":false,"template":"","format":"standard","meta":{"footnotes":""},"categories":[1],"tags":[],"class_list":["post-2133","post","type-post","status-publish","format-standard","has-post-thumbnail","hentry","category-sin-categoria"],"_links":{"self":[{"href":"https:\/\/telediarioqueretaro.co\/index.php?rest_route=\/wp\/v2\/posts\/2133","targetHints":{"allow":["GET"]}}],"collection":[{"href":"https:\/\/telediarioqueretaro.co\/index.php?rest_route=\/wp\/v2\/posts"}],"about":[{"href":"https:\/\/telediarioqueretaro.co\/index.php?rest_route=\/wp\/v2\/types\/post"}],"author":[{"embeddable":true,"href":"https:\/\/telediarioqueretaro.co\/index.php?rest_route=\/wp\/v2\/users\/2"}],"replies":[{"embeddable":true,"href":"https:\/\/telediarioqueretaro.co\/index.php?rest_route=%2Fwp%2Fv2%2Fcomments&post=2133"}],"version-history":[{"count":2,"href":"https:\/\/telediarioqueretaro.co\/index.php?rest_route=\/wp\/v2\/posts\/2133\/revisions"}],"predecessor-version":[{"id":2136,"href":"https:\/\/telediarioqueretaro.co\/index.php?rest_route=\/wp\/v2\/posts\/2133\/revisions\/2136"}],"wp:featuredmedia":[{"embeddable":true,"href":"https:\/\/telediarioqueretaro.co\/index.php?rest_route=\/wp\/v2\/media\/2134"}],"wp:attachment":[{"href":"https:\/\/telediarioqueretaro.co\/index.php?rest_route=%2Fwp%2Fv2%2Fmedia&parent=2133"}],"wp:term":[{"taxonomy":"category","embeddable":true,"href":"https:\/\/telediarioqueretaro.co\/index.php?rest_route=%2Fwp%2Fv2%2Fcategories&post=2133"},{"taxonomy":"post_tag","embeddable":true,"href":"https:\/\/telediarioqueretaro.co\/index.php?rest_route=%2Fwp%2Fv2%2Ftags&post=2133"}],"curies":[{"name":"wp","href":"https:\/\/api.w.org\/{rel}","templated":true}]}}