{"id":2140,"date":"2023-06-30T14:00:00","date_gmt":"2023-06-30T14:00:00","guid":{"rendered":"https:\/\/telediarioqueretaro.co\/?p=2140"},"modified":"2023-06-30T13:39:47","modified_gmt":"2023-06-30T13:39:47","slug":"reconoce-mauricio-kuri-labor-de-hoteleros-a-favor-de-la-atraccion-turistica-del-estado","status":"publish","type":"post","link":"https:\/\/telediarioqueretaro.co\/?p=2140","title":{"rendered":"Reconoce Mauricio Kuri Labor De Hoteleros A Favor De La Atracci\u00f3n Tur\u00edstica Del Estado"},"content":{"rendered":"\n<figure class=\"wp-block-image size-full\"><img loading=\"lazy\" decoding=\"async\" width=\"583\" height=\"364\" src=\"https:\/\/telediarioqueretaro.co\/wp-content\/uploads\/2023\/06\/imagen_2023-06-30_073854199-edited.png\" alt=\"\" class=\"wp-image-2142\" srcset=\"https:\/\/telediarioqueretaro.co\/wp-content\/uploads\/2023\/06\/imagen_2023-06-30_073854199-edited.png 583w, https:\/\/telediarioqueretaro.co\/wp-content\/uploads\/2023\/06\/imagen_2023-06-30_073854199-edited-300x187.png 300w\" sizes=\"auto, (max-width: 583px) 100vw, 583px\" \/><\/figure>\n\n\n\n<p>Quer\u00e9taro tiene todo para mantenerse como uno de los mejores lugares para visitar, afirm\u00f3 el gobernador, Mauricio Kuri Gonz\u00e1lez, esto durante la celebraci\u00f3n del XXV Aniversario de la Asociaci\u00f3n Queretana de Hoteleros, acto en el que destac\u00f3 la labor de las y los integrantes de este gremio en materia de impulso y promoci\u00f3n de la industria tur\u00edstica del estado.<\/p>\n\n\n\n<p>Subray\u00f3 que la visi\u00f3n y liderazgo de las y los prestadores de servicios han sido fundamentales para consolidar su reputaci\u00f3n y convertir a Quer\u00e9taro en un referente tanto a nivel nacional como internacional. Del mismo modo celebr\u00f3 la estrecha coordinaci\u00f3n y colaboraci\u00f3n del sector con las autoridades, lo que ha permitido, dijo, promover de manera activa los atractivos tur\u00edsticos de la entidad.<\/p>\n\n\n\n<p>\u201cEl hecho que haya este tipo de asociaciones que busquen una mejora, no para una sola empresa sino para todo un sector, eso es lo que hace que en Quer\u00e9taro sea diferente (\u2026) Quer\u00e9taro tiene todo para seguir siendo uno de los mejores lugares para visitar\u201d, se\u00f1al\u00f3.<\/p>\n\n\n\n<p>Asimismo, el titular del Poder Ejecutivo, reafirm\u00f3 el compromiso de trabajar de la mano con el gremio hotelero en la promoci\u00f3n de Quer\u00e9taro como un destino tur\u00edstico de referencia; conmin\u00f3 a los presentes a continuar impulsando el desarrollo econ\u00f3mico, generando empleos y llevando la cultura y belleza natural a cada rinc\u00f3n del mundo.<\/p>\n\n\n\n<p>\u201cEstamos listos, puestos y dispuestos para que sigan llegando los turistas (\u2026) les deseo que tengan much\u00edsimos a\u00f1os m\u00e1s de muchos \u00e9xitos, que sigan creciendo en el n\u00famero de promedio de habitaciones, en el n\u00famero de promedio de negocios, que les vaya bien\u201d, manifest\u00f3.<\/p>\n\n\n\n<p>Del mismo modo, y a trav\u00e9s de un video, el secretario de Turismo del Gobierno de M\u00e9xico, Miguel Torruco Marqu\u00e9s, reconoci\u00f3 el liderazgo de esta organizaci\u00f3n y ponder\u00f3 el reciente nombramiento del municipio de Pinal de Amoles como Pueblo M\u00e1gico, distinci\u00f3n que, asegur\u00f3, enriquecer\u00e1 la oferta tur\u00edstica al estar en el mapa mundial a trav\u00e9s de las distintas plataformas, con lo cual la poblaci\u00f3n saldr\u00e1 beneficiada.<\/p>\n\n\n\n<p>\u201cEste es un d\u00eda muy significativo para la Asociaci\u00f3n Queretana de Hoteleros que hoy conmemora su veinticinco aniversario, se dice f\u00e1cil un cuarto de siglo de entrega, dedicaci\u00f3n y profesionalismo por parte de todos quienes han asumido el liderazgo de esta gran organizaci\u00f3n\u201d, indic\u00f3.<\/p>\n\n\n\n<p>Durante la ceremonia conmemorativa, el funcionario federal destac\u00f3 que el sector hotelero es la columna vertebral de la actividad tur\u00edstica nacional, muestra de ello es que durante 2021 se construyeron 13 mil 502 nuevos cuartos de hotel en todo el pa\u00eds, llegando a 867 mil 328 habitaciones, cuatro por ciento m\u00e1s que en el 2019.<\/p>\n\n\n\n<p>Agreg\u00f3 que la oferta de hospedaje alcanz\u00f3 ya los 25 mil 200 establecimientos, en todo el pa\u00eds, 6.3 por ciento m\u00e1s que en el 2019, es as\u00ed que Mexico, apunt\u00f3, se reafirma una vez m\u00e1s como la s\u00e9ptima potencia mundial en lo relativo a infraestructura hotelera<\/p>\n\n\n\n<p>En su intervenci\u00f3n, el presidente de la Asociaci\u00f3n Queretana de Hoteleros, Luis Signoret Luna, reconoci\u00f3 la visi\u00f3n empresarial y el empuje del Gobernador que ha contribuido, precis\u00f3, a que el turismo contin\u00fae siendo considerado una prioridad estatal, por lo que representa para la entidad en materia de derrama econ\u00f3mica y generaci\u00f3n de empleos.<\/p>\n\n\n\n<p>Comparti\u00f3 que la Asociaci\u00f3n integra m\u00e1s de siete mil 400 habitaciones instaladas en siete municipios de la entidad, consolid\u00e1ndola como la m\u00e1s grande del estado, misma que representa el 63 por ciento de la oferta total de habitaciones instaladas en Quer\u00e9taro. &nbsp;En cuanto a ocupaci\u00f3n hotelera acumulada en el a\u00f1o, report\u00f3, est\u00e1n muy cercanos al 55 por ciento &nbsp;y la expectativa es superar este 2023 lo logrado en 2019, que fue del 57 por ciento.<\/p>\n\n\n\n<p>Se\u00f1al\u00f3 que estas cifras abonan al desarrollo y consolidaci\u00f3n de la Asociaci\u00f3n en el sector tur\u00edstico como una de las mejores en el pa\u00eds, derivado del trabajo constante y colaborativo con los sectores empresariales, la academia y las autoridades, trabajando en favor del gremio, de Quer\u00e9taro y de M\u00e9xico.<\/p>\n\n\n\n<p>En la celebraci\u00f3n por el XXV Aniversario de la Asociaci\u00f3n Queretana de Hoteleros, el Gobernador entreg\u00f3 reconocimientos a socios fundadores y expresidentes del organismo; acto que atestiguaron autoridades estales y municipales; as\u00ed como afiliados.<\/p>\n","protected":false},"excerpt":{"rendered":"<p>Quer\u00e9taro tiene todo para mantenerse como uno de los mejores lugares para visitar, afirm\u00f3 el gobernador, Mauricio Kuri Gonz\u00e1lez, esto durante la celebraci\u00f3n del XXV Aniversario de la Asociaci\u00f3n Queretana de Hoteleros, acto en el que destac\u00f3 la labor de las y los integrantes de este gremio en materia de [&hellip;]<\/p>\n","protected":false},"author":2,"featured_media":2142,"comment_status":"open","ping_status":"open","sticky":false,"template":"","format":"standard","meta":{"footnotes":""},"categories":[1],"tags":[],"class_list":["post-2140","post","type-post","status-publish","format-standard","has-post-thumbnail","hentry","category-sin-categoria"],"_links":{"self":[{"href":"https:\/\/telediarioqueretaro.co\/index.php?rest_route=\/wp\/v2\/posts\/2140","targetHints":{"allow":["GET"]}}],"collection":[{"href":"https:\/\/telediarioqueretaro.co\/index.php?rest_route=\/wp\/v2\/posts"}],"about":[{"href":"https:\/\/telediarioqueretaro.co\/index.php?rest_route=\/wp\/v2\/types\/post"}],"author":[{"embeddable":true,"href":"https:\/\/telediarioqueretaro.co\/index.php?rest_route=\/wp\/v2\/users\/2"}],"replies":[{"embeddable":true,"href":"https:\/\/telediarioqueretaro.co\/index.php?rest_route=%2Fwp%2Fv2%2Fcomments&post=2140"}],"version-history":[{"count":1,"href":"https:\/\/telediarioqueretaro.co\/index.php?rest_route=\/wp\/v2\/posts\/2140\/revisions"}],"predecessor-version":[{"id":2143,"href":"https:\/\/telediarioqueretaro.co\/index.php?rest_route=\/wp\/v2\/posts\/2140\/revisions\/2143"}],"wp:featuredmedia":[{"embeddable":true,"href":"https:\/\/telediarioqueretaro.co\/index.php?rest_route=\/wp\/v2\/media\/2142"}],"wp:attachment":[{"href":"https:\/\/telediarioqueretaro.co\/index.php?rest_route=%2Fwp%2Fv2%2Fmedia&parent=2140"}],"wp:term":[{"taxonomy":"category","embeddable":true,"href":"https:\/\/telediarioqueretaro.co\/index.php?rest_route=%2Fwp%2Fv2%2Fcategories&post=2140"},{"taxonomy":"post_tag","embeddable":true,"href":"https:\/\/telediarioqueretaro.co\/index.php?rest_route=%2Fwp%2Fv2%2Ftags&post=2140"}],"curies":[{"name":"wp","href":"https:\/\/api.w.org\/{rel}","templated":true}]}}