{"id":2144,"date":"2023-06-30T15:39:00","date_gmt":"2023-06-30T15:39:00","guid":{"rendered":"https:\/\/telediarioqueretaro.co\/?p=2144"},"modified":"2023-06-30T14:17:48","modified_gmt":"2023-06-30T14:17:48","slug":"se-baja-otro-aspirante-de-oposicion-claudia-ruiz-massieu-no-participara-en-proceso-que-violaria-ley","status":"publish","type":"post","link":"https:\/\/telediarioqueretaro.co\/?p=2144","title":{"rendered":"Se baja otro aspirante de Oposici\u00f3n: Claudia Ruiz Massieu no participar\u00e1 en proceso que violar\u00eda ley"},"content":{"rendered":"\n<p>La priista Claudia Ruiz Massieu se suma a otros aspirantes del Frente Amplio por M\u00e9xico que no participar\u00e1n en el proceso para la selecci\u00f3n del candidato presidencial.<\/p>\n\n\n\n<figure class=\"wp-block-image size-large\"><img loading=\"lazy\" decoding=\"async\" width=\"1024\" height=\"589\" src=\"https:\/\/telediarioqueretaro.co\/wp-content\/uploads\/2023\/06\/imagen_2023-06-30_081724578-1024x589.png\" alt=\"\" class=\"wp-image-2145\" srcset=\"https:\/\/telediarioqueretaro.co\/wp-content\/uploads\/2023\/06\/imagen_2023-06-30_081724578-1024x589.png 1024w, https:\/\/telediarioqueretaro.co\/wp-content\/uploads\/2023\/06\/imagen_2023-06-30_081724578-300x173.png 300w, https:\/\/telediarioqueretaro.co\/wp-content\/uploads\/2023\/06\/imagen_2023-06-30_081724578-768x442.png 768w, https:\/\/telediarioqueretaro.co\/wp-content\/uploads\/2023\/06\/imagen_2023-06-30_081724578.png 1529w\" sizes=\"auto, (max-width: 1024px) 100vw, 1024px\" \/><\/figure>\n\n\n\n<p>\u00a0La senadora priista\u00a0Claudia Ruiz Massieu\u00a0anunci\u00f3 que no participar\u00e1 en el proceso para la selecci\u00f3n del candidato del Frente Amplio por M\u00e9xico porque violar\u00eda la ley.<\/p>\n\n\n\n<p>A trav\u00e9s de un video, un d\u00eda despu\u00e9s de que\u00a0Lilly T\u00e9llez\u00a0acusara falta de equidad, Ruiz Massieu argument\u00f3 que ser\u00eda una simulaci\u00f3n y el proceso est\u00e1 &#8220;acotado&#8221; al excluir a la mayor\u00eda ciudadana.<\/p>\n\n\n\n<p>&#8220;En el m\u00e9todo presentado veo una respuesta pragm\u00e1tica para hacer frente a la precampa\u00f1a abierta, anticipada e ilegal que ha iniciado Morena. Pero en congruencia, no puedo participar en un proceso que puede caer en la simulaci\u00f3n&#8221;, afirm\u00f3.<\/p>\n\n\n\n<p>La senadora dijo que si\u00a0ha criticado que los aspirantes oficialistas violen la ley haciendo actos de campa\u00f1a, no puede hacer lo mismo.<\/p>\n\n\n\n<p>Adem\u00e1s, critic\u00f3 que el padr\u00f3n que elegir\u00e1 al candidato opositor est\u00e1 &#8220;acotado&#8221; porque excluye a la mayor\u00eda ciudadana.<\/p>\n","protected":false},"excerpt":{"rendered":"<p>La priista Claudia Ruiz Massieu se suma a otros aspirantes del Frente Amplio por M\u00e9xico que no participar\u00e1n en el proceso para la selecci\u00f3n del candidato presidencial. \u00a0La senadora priista\u00a0Claudia Ruiz Massieu\u00a0anunci\u00f3 que no participar\u00e1 en el proceso para la selecci\u00f3n del candidato del Frente Amplio por M\u00e9xico porque violar\u00eda [&hellip;]<\/p>\n","protected":false},"author":2,"featured_media":2145,"comment_status":"open","ping_status":"open","sticky":false,"template":"","format":"standard","meta":{"footnotes":""},"categories":[1],"tags":[],"class_list":["post-2144","post","type-post","status-publish","format-standard","has-post-thumbnail","hentry","category-sin-categoria"],"_links":{"self":[{"href":"https:\/\/telediarioqueretaro.co\/index.php?rest_route=\/wp\/v2\/posts\/2144","targetHints":{"allow":["GET"]}}],"collection":[{"href":"https:\/\/telediarioqueretaro.co\/index.php?rest_route=\/wp\/v2\/posts"}],"about":[{"href":"https:\/\/telediarioqueretaro.co\/index.php?rest_route=\/wp\/v2\/types\/post"}],"author":[{"embeddable":true,"href":"https:\/\/telediarioqueretaro.co\/index.php?rest_route=\/wp\/v2\/users\/2"}],"replies":[{"embeddable":true,"href":"https:\/\/telediarioqueretaro.co\/index.php?rest_route=%2Fwp%2Fv2%2Fcomments&post=2144"}],"version-history":[{"count":1,"href":"https:\/\/telediarioqueretaro.co\/index.php?rest_route=\/wp\/v2\/posts\/2144\/revisions"}],"predecessor-version":[{"id":2146,"href":"https:\/\/telediarioqueretaro.co\/index.php?rest_route=\/wp\/v2\/posts\/2144\/revisions\/2146"}],"wp:featuredmedia":[{"embeddable":true,"href":"https:\/\/telediarioqueretaro.co\/index.php?rest_route=\/wp\/v2\/media\/2145"}],"wp:attachment":[{"href":"https:\/\/telediarioqueretaro.co\/index.php?rest_route=%2Fwp%2Fv2%2Fmedia&parent=2144"}],"wp:term":[{"taxonomy":"category","embeddable":true,"href":"https:\/\/telediarioqueretaro.co\/index.php?rest_route=%2Fwp%2Fv2%2Fcategories&post=2144"},{"taxonomy":"post_tag","embeddable":true,"href":"https:\/\/telediarioqueretaro.co\/index.php?rest_route=%2Fwp%2Fv2%2Ftags&post=2144"}],"curies":[{"name":"wp","href":"https:\/\/api.w.org\/{rel}","templated":true}]}}