{"id":2151,"date":"2023-07-03T20:41:00","date_gmt":"2023-07-03T20:41:00","guid":{"rendered":"https:\/\/telediarioqueretaro.co\/?p=2151"},"modified":"2023-07-01T21:42:45","modified_gmt":"2023-07-01T21:42:45","slug":"dos-queretanas-y-un-queretano-se-suman-a-la-orquesta-sinfonica-infantil-de-mexico","status":"publish","type":"post","link":"https:\/\/telediarioqueretaro.co\/?p=2151","title":{"rendered":"Dos queretanas y un queretano se suman a la Orquesta Sinf\u00f3nica Infantil de M\u00e9xico"},"content":{"rendered":"\n<p>La agrupaci\u00f3n contar\u00e1 con Montserrat Pl\u00e1cido, Luc\u00eda Tendilla y Keane Olazar\u00e1n<\/p>\n\n\n\n<figure class=\"wp-block-image size-large\"><img loading=\"lazy\" decoding=\"async\" width=\"1024\" height=\"541\" src=\"https:\/\/telediarioqueretaro.co\/wp-content\/uploads\/2023\/07\/imagen_2023-07-01_154154883-1024x541.png\" alt=\"\" class=\"wp-image-2152\" srcset=\"https:\/\/telediarioqueretaro.co\/wp-content\/uploads\/2023\/07\/imagen_2023-07-01_154154883-1024x541.png 1024w, https:\/\/telediarioqueretaro.co\/wp-content\/uploads\/2023\/07\/imagen_2023-07-01_154154883-300x158.png 300w, https:\/\/telediarioqueretaro.co\/wp-content\/uploads\/2023\/07\/imagen_2023-07-01_154154883-768x405.png 768w, https:\/\/telediarioqueretaro.co\/wp-content\/uploads\/2023\/07\/imagen_2023-07-01_154154883.png 1038w\" sizes=\"auto, (max-width: 1024px) 100vw, 1024px\" \/><\/figure>\n\n\n\n<p>Tras participar en el proceso de audici\u00f3n y selecci\u00f3n, tres j\u00f3venes queretanos fueron aceptados para integrar la\u00a0Orquesta Sinf\u00f3nica Infantil de M\u00e9xico (OSIM) en su edici\u00f3n 2023. Se trata de Keane Didier Olazar\u00e1n Santana para la secci\u00f3n de percusi\u00f3n; Montserrat Pl\u00e1cido D\u00edaz para la secci\u00f3n de viola, y Luc\u00eda Tendilla N\u00fa\u00f1ez para la secci\u00f3n de violonchelo.<\/p>\n\n\n\n<p>La convocatoria fue lanzada por la Secretar\u00eda de Cultura del Gobierno de M\u00e9xico a trav\u00e9s del Sistema Nacional de Fomento Musical, que invita a todas las ni\u00f1as, ni\u00f1os y j\u00f3venes mexicanos ejecutantes de instrumentos de orquesta sinf\u00f3nica, a formar parte de la OSIM, \u00a0en el marco del 31\u00b0 campamento de estudio y gira nacional de conciertos de esta importante agrupaci\u00f3n art\u00edstica.<\/p>\n\n\n\n<p>La joven\u00a0Luc\u00eda Tendilla N\u00fa\u00f1ez, quien actualmente forma parte de la Orquesta Infantil Juvenil de Santiago de Quer\u00e9taro y que fue aceptada para la secci\u00f3n de violonchelo, comparti\u00f3 que a sus 14 a\u00f1os descubri\u00f3 este instrumento cuya t\u00e9cnica ha logrado perfeccionar en los \u00faltimos cuatro a\u00f1os.<\/p>\n\n\n\n<p>Del mismo modo,\u00a0Montserrat Pl\u00e1cido D\u00edaz, comparti\u00f3 que a los 10 a\u00f1os de edad entr\u00f3 a una casa de cultura en donde descubri\u00f3 la viola, instrumento que ha perfeccionado con el esfuerzo y dedicaci\u00f3n lo que la llev\u00f3 a actualmente formar parte de la orquesta comunitaria de El Marqu\u00e9s \u2018Ciudad Maderas\u2019.<\/p>\n\n\n\n<p>Estudiante del Conservatorio de M\u00fasica Jos\u00e9 Guadalupe Vel\u00e1zquez,\u00a0Kane Didier\u00a0lleva cinco a\u00f1os tocando las percusiones, e invit\u00f3 a las y los j\u00f3venes a seguirse esforzando, ya que asegur\u00f3 que gracias a su dedicaci\u00f3n hoy podr\u00e1 formar parte de la OSIM.<\/p>\n","protected":false},"excerpt":{"rendered":"<p>La agrupaci\u00f3n contar\u00e1 con Montserrat Pl\u00e1cido, Luc\u00eda Tendilla y Keane Olazar\u00e1n Tras participar en el proceso de audici\u00f3n y selecci\u00f3n, tres j\u00f3venes queretanos fueron aceptados para integrar la\u00a0Orquesta Sinf\u00f3nica Infantil de M\u00e9xico (OSIM) en su edici\u00f3n 2023. Se trata de Keane Didier Olazar\u00e1n Santana para la secci\u00f3n de percusi\u00f3n; Montserrat [&hellip;]<\/p>\n","protected":false},"author":2,"featured_media":2152,"comment_status":"open","ping_status":"open","sticky":false,"template":"","format":"standard","meta":{"footnotes":""},"categories":[1],"tags":[],"class_list":["post-2151","post","type-post","status-publish","format-standard","has-post-thumbnail","hentry","category-sin-categoria"],"_links":{"self":[{"href":"https:\/\/telediarioqueretaro.co\/index.php?rest_route=\/wp\/v2\/posts\/2151","targetHints":{"allow":["GET"]}}],"collection":[{"href":"https:\/\/telediarioqueretaro.co\/index.php?rest_route=\/wp\/v2\/posts"}],"about":[{"href":"https:\/\/telediarioqueretaro.co\/index.php?rest_route=\/wp\/v2\/types\/post"}],"author":[{"embeddable":true,"href":"https:\/\/telediarioqueretaro.co\/index.php?rest_route=\/wp\/v2\/users\/2"}],"replies":[{"embeddable":true,"href":"https:\/\/telediarioqueretaro.co\/index.php?rest_route=%2Fwp%2Fv2%2Fcomments&post=2151"}],"version-history":[{"count":1,"href":"https:\/\/telediarioqueretaro.co\/index.php?rest_route=\/wp\/v2\/posts\/2151\/revisions"}],"predecessor-version":[{"id":2153,"href":"https:\/\/telediarioqueretaro.co\/index.php?rest_route=\/wp\/v2\/posts\/2151\/revisions\/2153"}],"wp:featuredmedia":[{"embeddable":true,"href":"https:\/\/telediarioqueretaro.co\/index.php?rest_route=\/wp\/v2\/media\/2152"}],"wp:attachment":[{"href":"https:\/\/telediarioqueretaro.co\/index.php?rest_route=%2Fwp%2Fv2%2Fmedia&parent=2151"}],"wp:term":[{"taxonomy":"category","embeddable":true,"href":"https:\/\/telediarioqueretaro.co\/index.php?rest_route=%2Fwp%2Fv2%2Fcategories&post=2151"},{"taxonomy":"post_tag","embeddable":true,"href":"https:\/\/telediarioqueretaro.co\/index.php?rest_route=%2Fwp%2Fv2%2Ftags&post=2151"}],"curies":[{"name":"wp","href":"https:\/\/api.w.org\/{rel}","templated":true}]}}