{"id":2154,"date":"2023-07-04T17:42:00","date_gmt":"2023-07-04T17:42:00","guid":{"rendered":"https:\/\/telediarioqueretaro.co\/?p=2154"},"modified":"2023-07-01T21:45:25","modified_gmt":"2023-07-01T21:45:25","slug":"reconocen-la-gastronomia-queretana-en-espana","status":"publish","type":"post","link":"https:\/\/telediarioqueretaro.co\/?p=2154","title":{"rendered":"Reconocen la gastronom\u00eda queretana en Espa\u00f1a"},"content":{"rendered":"\n<p>La Real Academia Iberoamericana del ramo anunci\u00f3 formalmente que el estado ser\u00e1 declarado Capital Iberoamericana de la Gastronom\u00eda de Encuentro<\/p>\n\n\n\n<figure class=\"wp-block-image size-large\"><img loading=\"lazy\" decoding=\"async\" width=\"1024\" height=\"521\" src=\"https:\/\/telediarioqueretaro.co\/wp-content\/uploads\/2023\/07\/imagen_2023-07-01_154342588-1024x521.png\" alt=\"\" class=\"wp-image-2155\" srcset=\"https:\/\/telediarioqueretaro.co\/wp-content\/uploads\/2023\/07\/imagen_2023-07-01_154342588-1024x521.png 1024w, https:\/\/telediarioqueretaro.co\/wp-content\/uploads\/2023\/07\/imagen_2023-07-01_154342588-300x153.png 300w, https:\/\/telediarioqueretaro.co\/wp-content\/uploads\/2023\/07\/imagen_2023-07-01_154342588-768x391.png 768w, https:\/\/telediarioqueretaro.co\/wp-content\/uploads\/2023\/07\/imagen_2023-07-01_154342588.png 1028w\" sizes=\"auto, (max-width: 1024px) 100vw, 1024px\" \/><\/figure>\n\n\n\n<p>En una ceremonia realizada en\u00a0Madrid, Espa\u00f1a,\u00a0el pleno de la\u00a0Real Academia Iberoamericana de la Gastronom\u00eda,\u00a0en voz de su presidente,\u00a0Rafael Ans\u00f3n Oliart,\u00a0anunci\u00f3 formalmente que Quer\u00e9taro ser\u00e1 declarado Capital Iberoamericana de la Gastronom\u00eda de Encuentro, en reconocimiento a su valioso legado cultural e hist\u00f3rico, plasmado en la identidad de su cocina.<\/p>\n\n\n\n<p>En un mensaje transmitido en\u00a0Madrid,\u00a0el gobernador del estado de Quer\u00e9taro,\u00a0Mauricio Kuri Gonz\u00e1lez,\u00a0agradeci\u00f3 el haber tomado en cuenta a la entidad para obtener este importante nombramiento que, dijo, marcar\u00e1 un hito en la historia del turismo y la gastronom\u00eda para Quer\u00e9taro.<\/p>\n\n\n\n<blockquote class=\"wp-block-quote is-layout-flow wp-block-quote-is-layout-flow\">\n<p>\u201cEste nombramiento enaltece nuestra historia y nos hace recordar que Quer\u00e9taro ha sido, es y ser\u00e1 siempre un punto de encuentro de culturas, de ideas, de conocimiento, de industrias, de comercio y desde luego una tierra donde los sabores se fusionan\u201d, sostuvo Kuri Gonz\u00e1lez.<\/p>\n<\/blockquote>\n\n\n\n<p>Detall\u00f3 el mandatario estatal que obtener la\u00a0Capitalidad Iberoamericana de la Gastronom\u00eda de Encuentro,\u00a0es resultado de d\u00e9cadas de trabajo arduo de chefs, productores locales, y restauranteros que han sabido transmitir la esencia de la cocina queretana.<\/p>\n\n\n\n<p>El nombramiento de Quer\u00e9taro como Capital Iberoamericana de la Gastronom\u00eda de Encuentro, tiene por objetivo fundamental, promover la cultura gastron\u00f3mica propia del territorio queretano, as\u00ed como el desarrollo de un modelo culinario saludable, sostenible, solidario y suficiente.<\/p>\n\n\n\n<p>En su oportunidad, la secretaria de Turismo estatal,\u00a0Adriana Vega V\u00e1zquez Mellado,\u00a0detall\u00f3 que obtener este nombramiento para Quer\u00e9taro, implica llevar a la gastronom\u00eda queretana a un plano de reconocimiento internacional, y tambi\u00e9n multiplicar los esfuerzos de resguardo y promoci\u00f3n de la cocina queretana.<\/p>\n\n\n\n<blockquote class=\"wp-block-quote is-layout-flow wp-block-quote-is-layout-flow\">\n<p>\u201cEste nombramiento implica que multipliquemos nuestros esfuerzos para consolidar a la gastronom\u00eda como un pilar de atracci\u00f3n tur\u00edstica para Quer\u00e9taro, tales como la organizaci\u00f3n de diversos festivales y eventos gastron\u00f3micos.<\/p>\n<\/blockquote>\n\n\n\n<p>Ser sede del Foro Iberoamericano de la Gastronom\u00eda de Encuentro, el Concurso Nacional de Pinchos y Tapas M\u00e9xico, y el certamen del Cocinero del A\u00f1o; dar impulso a las vendimias y festivales de vino, a los festivales de cocina tradicional y desde luego, avanzar con nuestro proyecto del Museo Nacional de la Gastronom\u00eda Mexicana, que estar\u00e1 en Quer\u00e9taro\u201d, sostuvo.<\/p>\n\n\n\n<p>Este nombramiento es otorgado por la Real Academia Iberoamericana de la Gastronom\u00eda, &nbsp;organismo dedicado a la investigaci\u00f3n, divulgaci\u00f3n y protecci\u00f3n de las cocinas y actividades gastron\u00f3micas de las distintas regiones y pueblos Iberoamericanos, adem\u00e1s de apoyar su modernizaci\u00f3n, y fomentar la cooperaci\u00f3n internacional y la solidaridad. Cuenta con presencia en Argentina, Brasil, Chile, Colombia, Cuba, Ecuador, Estados Unidos, Espa\u00f1a, Per\u00fa, Portugal, M\u00e9xico, Rep\u00fablica Dominicana y Venezuela.<\/p>\n\n\n\n<p>Con anterioridad, la Academia ha otorgado nombramientos de Capitales Iberoamericanas de la Gastronom\u00eda a ciudades como Buenos Aires (Argentina) en 2017, Sao Paolo (Brasil) en 2018, Miami (Estados Unidos) en 2019 y Madrid (Espa\u00f1a) en 2020.<\/p>\n\n\n\n<p>A esta ceremonia acudi\u00f3 la representante del Gobierno del estado de Quer\u00e9taro en la Ciudad de M\u00e9xico,\u00a0Paloma Palacios Gonz\u00e1lez; y el embajador de M\u00e9xico en Espa\u00f1a,\u00a0Quirino Ordaz Coppel,\u00a0entre otras personalidades diplom\u00e1ticas.<\/p>\n","protected":false},"excerpt":{"rendered":"<p>La Real Academia Iberoamericana del ramo anunci\u00f3 formalmente que el estado ser\u00e1 declarado Capital Iberoamericana de la Gastronom\u00eda de Encuentro En una ceremonia realizada en\u00a0Madrid, Espa\u00f1a,\u00a0el pleno de la\u00a0Real Academia Iberoamericana de la Gastronom\u00eda,\u00a0en voz de su presidente,\u00a0Rafael Ans\u00f3n Oliart,\u00a0anunci\u00f3 formalmente que Quer\u00e9taro ser\u00e1 declarado Capital Iberoamericana de la Gastronom\u00eda [&hellip;]<\/p>\n","protected":false},"author":2,"featured_media":2155,"comment_status":"open","ping_status":"open","sticky":false,"template":"","format":"standard","meta":{"footnotes":""},"categories":[1],"tags":[],"class_list":["post-2154","post","type-post","status-publish","format-standard","has-post-thumbnail","hentry","category-sin-categoria"],"_links":{"self":[{"href":"https:\/\/telediarioqueretaro.co\/index.php?rest_route=\/wp\/v2\/posts\/2154","targetHints":{"allow":["GET"]}}],"collection":[{"href":"https:\/\/telediarioqueretaro.co\/index.php?rest_route=\/wp\/v2\/posts"}],"about":[{"href":"https:\/\/telediarioqueretaro.co\/index.php?rest_route=\/wp\/v2\/types\/post"}],"author":[{"embeddable":true,"href":"https:\/\/telediarioqueretaro.co\/index.php?rest_route=\/wp\/v2\/users\/2"}],"replies":[{"embeddable":true,"href":"https:\/\/telediarioqueretaro.co\/index.php?rest_route=%2Fwp%2Fv2%2Fcomments&post=2154"}],"version-history":[{"count":1,"href":"https:\/\/telediarioqueretaro.co\/index.php?rest_route=\/wp\/v2\/posts\/2154\/revisions"}],"predecessor-version":[{"id":2156,"href":"https:\/\/telediarioqueretaro.co\/index.php?rest_route=\/wp\/v2\/posts\/2154\/revisions\/2156"}],"wp:featuredmedia":[{"embeddable":true,"href":"https:\/\/telediarioqueretaro.co\/index.php?rest_route=\/wp\/v2\/media\/2155"}],"wp:attachment":[{"href":"https:\/\/telediarioqueretaro.co\/index.php?rest_route=%2Fwp%2Fv2%2Fmedia&parent=2154"}],"wp:term":[{"taxonomy":"category","embeddable":true,"href":"https:\/\/telediarioqueretaro.co\/index.php?rest_route=%2Fwp%2Fv2%2Fcategories&post=2154"},{"taxonomy":"post_tag","embeddable":true,"href":"https:\/\/telediarioqueretaro.co\/index.php?rest_route=%2Fwp%2Fv2%2Ftags&post=2154"}],"curies":[{"name":"wp","href":"https:\/\/api.w.org\/{rel}","templated":true}]}}