{"id":217,"date":"2023-03-29T20:22:50","date_gmt":"2023-03-29T20:22:50","guid":{"rendered":"https:\/\/telediarioqueretaro.co\/?p=217"},"modified":"2023-03-29T20:22:51","modified_gmt":"2023-03-29T20:22:51","slug":"desaparecer-por-48-horas-es-el-nuevo-reto-viral","status":"publish","type":"post","link":"https:\/\/telediarioqueretaro.co\/?p=217","title":{"rendered":"Desaparecer por 48 horas es el nuevo reto viral\u00a0"},"content":{"rendered":"\n<p>Ahora un nuevo reto se est\u00e1 viralizando el cual consiste en que un grupo de amigos desaparezca por 48 horas, sin embargo, este reto no solo pone en alerta a los padres de familia, ya que seg\u00fan lo que se difunde en TikTok es que se emita un bolet\u00edn de b\u00fasqueda para \u201cque sea v\u00e1lido\u201d.<\/p>\n\n\n\n<figure class=\"wp-block-image size-full\"><img loading=\"lazy\" decoding=\"async\" width=\"627\" height=\"321\" src=\"https:\/\/telediarioqueretaro.co\/wp-content\/uploads\/2023\/03\/Screenshot_1-19.png\" alt=\"\" class=\"wp-image-218\" srcset=\"https:\/\/telediarioqueretaro.co\/wp-content\/uploads\/2023\/03\/Screenshot_1-19.png 627w, https:\/\/telediarioqueretaro.co\/wp-content\/uploads\/2023\/03\/Screenshot_1-19-300x154.png 300w\" sizes=\"auto, (max-width: 627px) 100vw, 627px\" \/><\/figure>\n\n\n\n<p>Adem\u00e1s, el reto no para ah\u00ed, pues quienes lo realizan no regresan a sus domicilios hasta que se llevan a cabo diversas acciones como:<\/p>\n\n\n\n<p>Aparecer en medios de comunicaci\u00f3n.<\/p>\n\n\n\n<p>Que sus familiares cierren y bloqueen calles y avenidas.<\/p>\n\n\n\n<p>Levantar la ficha de b\u00fasqueda.<\/p>\n\n\n\n<p>Una vez que su nombre e imagen es difundida en noticieros y peri\u00f3dicos, regresan a casa.<\/p>\n\n\n\n<p>M\u00e1s de 10 casos de desapariciones por un lapso mayor a 48 horas se han dado en municipios como Los Reyes La Paz, en el Estado de M\u00e9xico. Mientras que en entidades como Ecatepec, Nezahualc\u00f3yotl y Chicoloapan registran al menos seis casos.<\/p>\n\n\n\n<p>Otro de los problemas se da cuando los menores regresan para incorporarse a su n\u00facleo familiar, situaci\u00f3n que se les dificulta por la sanci\u00f3n que puedan llegar a tener. Las autoridades advierten que han tenido que auxiliar a menores en parques que est\u00e1n desesperados a volver a casa, pero temen la reacci\u00f3n de sus padres.<\/p>\n","protected":false},"excerpt":{"rendered":"<p>Ahora un nuevo reto se est\u00e1 viralizando el cual consiste en que un grupo de amigos desaparezca por 48 horas, sin embargo, este reto no solo pone en alerta a los padres de familia, ya que seg\u00fan lo que se difunde en TikTok es que se emita un bolet\u00edn de [&hellip;]<\/p>\n","protected":false},"author":2,"featured_media":0,"comment_status":"open","ping_status":"open","sticky":false,"template":"","format":"standard","meta":{"footnotes":""},"categories":[1],"tags":[],"class_list":["post-217","post","type-post","status-publish","format-standard","hentry","category-sin-categoria"],"_links":{"self":[{"href":"https:\/\/telediarioqueretaro.co\/index.php?rest_route=\/wp\/v2\/posts\/217","targetHints":{"allow":["GET"]}}],"collection":[{"href":"https:\/\/telediarioqueretaro.co\/index.php?rest_route=\/wp\/v2\/posts"}],"about":[{"href":"https:\/\/telediarioqueretaro.co\/index.php?rest_route=\/wp\/v2\/types\/post"}],"author":[{"embeddable":true,"href":"https:\/\/telediarioqueretaro.co\/index.php?rest_route=\/wp\/v2\/users\/2"}],"replies":[{"embeddable":true,"href":"https:\/\/telediarioqueretaro.co\/index.php?rest_route=%2Fwp%2Fv2%2Fcomments&post=217"}],"version-history":[{"count":1,"href":"https:\/\/telediarioqueretaro.co\/index.php?rest_route=\/wp\/v2\/posts\/217\/revisions"}],"predecessor-version":[{"id":219,"href":"https:\/\/telediarioqueretaro.co\/index.php?rest_route=\/wp\/v2\/posts\/217\/revisions\/219"}],"wp:attachment":[{"href":"https:\/\/telediarioqueretaro.co\/index.php?rest_route=%2Fwp%2Fv2%2Fmedia&parent=217"}],"wp:term":[{"taxonomy":"category","embeddable":true,"href":"https:\/\/telediarioqueretaro.co\/index.php?rest_route=%2Fwp%2Fv2%2Fcategories&post=217"},{"taxonomy":"post_tag","embeddable":true,"href":"https:\/\/telediarioqueretaro.co\/index.php?rest_route=%2Fwp%2Fv2%2Ftags&post=217"}],"curies":[{"name":"wp","href":"https:\/\/api.w.org\/{rel}","templated":true}]}}