{"id":2170,"date":"2023-07-06T21:53:53","date_gmt":"2023-07-06T21:53:53","guid":{"rendered":"https:\/\/telediarioqueretaro.co\/?p=2170"},"modified":"2023-07-01T21:55:25","modified_gmt":"2023-07-01T21:55:25","slug":"una-opcion-relajante-y-natural-en-tequisquiapan","status":"publish","type":"post","link":"https:\/\/telediarioqueretaro.co\/?p=2170","title":{"rendered":"Una opci\u00f3n relajante y natural en Tequisquiapan"},"content":{"rendered":"\n<p>Clara Torres ofrece la posibilidad de visitar una granja de lavanda y plantas arom\u00e1ticas, donde se ofertan productos de higiene personal<\/p>\n\n\n\n<figure class=\"wp-block-image size-large\"><img loading=\"lazy\" decoding=\"async\" width=\"1024\" height=\"626\" src=\"https:\/\/telediarioqueretaro.co\/wp-content\/uploads\/2023\/07\/imagen_2023-07-01_155435553-1024x626.png\" alt=\"\" class=\"wp-image-2171\" srcset=\"https:\/\/telediarioqueretaro.co\/wp-content\/uploads\/2023\/07\/imagen_2023-07-01_155435553-1024x626.png 1024w, https:\/\/telediarioqueretaro.co\/wp-content\/uploads\/2023\/07\/imagen_2023-07-01_155435553-300x183.png 300w, https:\/\/telediarioqueretaro.co\/wp-content\/uploads\/2023\/07\/imagen_2023-07-01_155435553-768x469.png 768w, https:\/\/telediarioqueretaro.co\/wp-content\/uploads\/2023\/07\/imagen_2023-07-01_155435553.png 1052w\" sizes=\"auto, (max-width: 1024px) 100vw, 1024px\" \/><\/figure>\n\n\n\n<p>Clara Torres\u00a0encontr\u00f3 en la tierra y clima de Tequisquiapan la posibilidad de desarrollar un emprendimiento con la planta de lavanda.<\/p>\n\n\n\n<p>Ella menciona que el proyecto es\u00a0\u201cuna granja de lavanda y plantas arom\u00e1ticas, estamos aqu\u00ed en\u00a0Tequisquiapan.\u00a0La gente puede tomar un tour para conocer c\u00f3mo crecen las lavandas, c\u00f3mo las destilamos y extraemos el hidrolato, el aceite esencial. Tambi\u00e9n pueden comprar plantas. Tenemos cuatro tipos de lavanda y dos de romero. En esta \u00e9poca cosechamos m\u00e1s plantas como la albahaca\u201d.<\/p>\n\n\n\n<p>El municipio de\u00a0Tequisquiapan\u00a0tiene un potencial agr\u00edcola, por ello ofrece la posibilidad del agroturismo, dijo.\u00a0<\/p>\n\n\n\n<p>El proyecto, mencion\u00f3, nace como la posibilidad de tener un atractivo nuevo para los visitantes que ya han venido por los vinos y quesos.<\/p>\n\n\n\n<p>Adem\u00e1s, comenta,&nbsp;<em>\u201clas plantas arom\u00e1ticas van muy bien con el clima que tenemos en Quer\u00e9taro, porque es un clima seco; el viento que sopla nos ayuda mucho, las plantas son para cielo abierto, no necesitan sombra y necesitan poca agua, por ello somos un proyecto sustentable, entonces tenemos un sistema de riego por goteo.<\/em><\/p>\n\n\n\n<p><em>Las plantas arom\u00e1ticas necesitan mucho estr\u00e9s, es decir, mucho calor y poca agua para que los aromas se acent\u00faen. Con ello, los tours ofrecen un atractivo diferente a las familias\u201d.<\/em><\/p>\n\n\n\n<p>Clara refiere que la bondad de la planta de lavanda \u201ces un calmante que puede ser ingerida y puede sustituir a cualquier somn\u00edfero. En cuanto a la piel, si esta tiene soriasis o est\u00e1 quemada por el sol con el hidrolato calma el ardor. La lavanda puede producir un impacto muy positivo en la salud de las personas\u201d. &nbsp;<\/p>\n\n\n\n<p>Contin\u00faa:&nbsp;<em>\u201celaboramos productos de higiene personal, tratamos de utilizar lo menos de qu\u00edmicos posibles. Tenemos shampoo de romero, jab\u00f3n l\u00edquido y s\u00f3lido. Hacemos tambi\u00e9n los t\u00e9s. Estas plantas arom\u00e1ticas son relajantes. La lavanda es un t\u00e9 relajante, la verbena tambi\u00e9n, es digestiva. Es un lugar con productos para la relajaci\u00f3n\u201d.<\/em><\/p>\n\n\n\n<p>El emprendimiento ofrece productos personalizados a manera de kit, en los que se combinan 10 de los productos como aceites para masajes, shampoos, jabones o t\u00e9s &nbsp;relajantes para eventos especiales, como convenciones, bodas, ya que fabrican lotes peque\u00f1os. \u201cNo son recuerditos para la vitrina, son productos que pueden disfrutar\u201d, culmin\u00f3.&nbsp;<\/p>\n","protected":false},"excerpt":{"rendered":"<p>Clara Torres ofrece la posibilidad de visitar una granja de lavanda y plantas arom\u00e1ticas, donde se ofertan productos de higiene personal Clara Torres\u00a0encontr\u00f3 en la tierra y clima de Tequisquiapan la posibilidad de desarrollar un emprendimiento con la planta de lavanda. Ella menciona que el proyecto es\u00a0\u201cuna granja de lavanda [&hellip;]<\/p>\n","protected":false},"author":2,"featured_media":2171,"comment_status":"open","ping_status":"open","sticky":false,"template":"","format":"standard","meta":{"footnotes":""},"categories":[1],"tags":[],"class_list":["post-2170","post","type-post","status-publish","format-standard","has-post-thumbnail","hentry","category-sin-categoria"],"_links":{"self":[{"href":"https:\/\/telediarioqueretaro.co\/index.php?rest_route=\/wp\/v2\/posts\/2170","targetHints":{"allow":["GET"]}}],"collection":[{"href":"https:\/\/telediarioqueretaro.co\/index.php?rest_route=\/wp\/v2\/posts"}],"about":[{"href":"https:\/\/telediarioqueretaro.co\/index.php?rest_route=\/wp\/v2\/types\/post"}],"author":[{"embeddable":true,"href":"https:\/\/telediarioqueretaro.co\/index.php?rest_route=\/wp\/v2\/users\/2"}],"replies":[{"embeddable":true,"href":"https:\/\/telediarioqueretaro.co\/index.php?rest_route=%2Fwp%2Fv2%2Fcomments&post=2170"}],"version-history":[{"count":1,"href":"https:\/\/telediarioqueretaro.co\/index.php?rest_route=\/wp\/v2\/posts\/2170\/revisions"}],"predecessor-version":[{"id":2172,"href":"https:\/\/telediarioqueretaro.co\/index.php?rest_route=\/wp\/v2\/posts\/2170\/revisions\/2172"}],"wp:featuredmedia":[{"embeddable":true,"href":"https:\/\/telediarioqueretaro.co\/index.php?rest_route=\/wp\/v2\/media\/2171"}],"wp:attachment":[{"href":"https:\/\/telediarioqueretaro.co\/index.php?rest_route=%2Fwp%2Fv2%2Fmedia&parent=2170"}],"wp:term":[{"taxonomy":"category","embeddable":true,"href":"https:\/\/telediarioqueretaro.co\/index.php?rest_route=%2Fwp%2Fv2%2Fcategories&post=2170"},{"taxonomy":"post_tag","embeddable":true,"href":"https:\/\/telediarioqueretaro.co\/index.php?rest_route=%2Fwp%2Fv2%2Ftags&post=2170"}],"curies":[{"name":"wp","href":"https:\/\/api.w.org\/{rel}","templated":true}]}}