{"id":2256,"date":"2023-07-12T17:16:59","date_gmt":"2023-07-12T17:16:59","guid":{"rendered":"https:\/\/telediarioqueretaro.co\/?p=2256"},"modified":"2023-07-12T17:17:00","modified_gmt":"2023-07-12T17:17:00","slug":"5-escuelas-con-afectaciones-por-las-lluvias-en-queretaro","status":"publish","type":"post","link":"https:\/\/telediarioqueretaro.co\/?p=2256","title":{"rendered":"5 escuelas con afectaciones por las lluvias en Quer\u00e9taro"},"content":{"rendered":"\n<figure class=\"wp-block-image size-full\"><img loading=\"lazy\" decoding=\"async\" width=\"715\" height=\"410\" src=\"https:\/\/telediarioqueretaro.co\/wp-content\/uploads\/2023\/07\/image-12.png\" alt=\"\" class=\"wp-image-2257\" srcset=\"https:\/\/telediarioqueretaro.co\/wp-content\/uploads\/2023\/07\/image-12.png 715w, https:\/\/telediarioqueretaro.co\/wp-content\/uploads\/2023\/07\/image-12-300x172.png 300w\" sizes=\"auto, (max-width: 715px) 100vw, 715px\" \/><\/figure>\n\n\n\n<p>Martha Elena Soto Obreg\u00f3n, Secretaria de Educaci\u00f3n, report\u00f3 que son 5 escuelas en Quer\u00e9taro que registraron afectaciones a causa de las lluvias que se presentaron este lunes.<\/p>\n\n\n\n<p>Apunt\u00f3 que se trat\u00f3 de afectaciones menores en las escuelas: Conalep Automotriz, la Universidad Polit\u00e9cnica de Quer\u00e9taro (UPQ), la Universidad Tecnol\u00f3gica del Estado de Quer\u00e9taro (UTEQ), entre otras.<\/p>\n\n\n\n<p>\u201cNinguno de los hechos que nos han reportado significar\u00eda la perdida de clases, ni nada, son hechos que nos pasan, nada fuera de lo com\u00fan y gracias a Dios da\u00f1os materiales menores\u201d, precis\u00f3.<\/p>\n\n\n\n<p>Indic\u00f3 que se trat\u00f3 de afectaciones como encharcamientos, ca\u00edda de letreros y algunos \u00e1rboles.<\/p>\n","protected":false},"excerpt":{"rendered":"<p>Martha Elena Soto Obreg\u00f3n, Secretaria de Educaci\u00f3n, report\u00f3 que son 5 escuelas en Quer\u00e9taro que registraron afectaciones a causa de las lluvias que se presentaron este lunes. Apunt\u00f3 que se trat\u00f3 de afectaciones menores en las escuelas: Conalep Automotriz, la Universidad Polit\u00e9cnica de Quer\u00e9taro (UPQ), la Universidad Tecnol\u00f3gica del Estado [&hellip;]<\/p>\n","protected":false},"author":2,"featured_media":2257,"comment_status":"open","ping_status":"open","sticky":false,"template":"","format":"standard","meta":{"footnotes":""},"categories":[1],"tags":[],"class_list":["post-2256","post","type-post","status-publish","format-standard","has-post-thumbnail","hentry","category-sin-categoria"],"_links":{"self":[{"href":"https:\/\/telediarioqueretaro.co\/index.php?rest_route=\/wp\/v2\/posts\/2256","targetHints":{"allow":["GET"]}}],"collection":[{"href":"https:\/\/telediarioqueretaro.co\/index.php?rest_route=\/wp\/v2\/posts"}],"about":[{"href":"https:\/\/telediarioqueretaro.co\/index.php?rest_route=\/wp\/v2\/types\/post"}],"author":[{"embeddable":true,"href":"https:\/\/telediarioqueretaro.co\/index.php?rest_route=\/wp\/v2\/users\/2"}],"replies":[{"embeddable":true,"href":"https:\/\/telediarioqueretaro.co\/index.php?rest_route=%2Fwp%2Fv2%2Fcomments&post=2256"}],"version-history":[{"count":1,"href":"https:\/\/telediarioqueretaro.co\/index.php?rest_route=\/wp\/v2\/posts\/2256\/revisions"}],"predecessor-version":[{"id":2258,"href":"https:\/\/telediarioqueretaro.co\/index.php?rest_route=\/wp\/v2\/posts\/2256\/revisions\/2258"}],"wp:featuredmedia":[{"embeddable":true,"href":"https:\/\/telediarioqueretaro.co\/index.php?rest_route=\/wp\/v2\/media\/2257"}],"wp:attachment":[{"href":"https:\/\/telediarioqueretaro.co\/index.php?rest_route=%2Fwp%2Fv2%2Fmedia&parent=2256"}],"wp:term":[{"taxonomy":"category","embeddable":true,"href":"https:\/\/telediarioqueretaro.co\/index.php?rest_route=%2Fwp%2Fv2%2Fcategories&post=2256"},{"taxonomy":"post_tag","embeddable":true,"href":"https:\/\/telediarioqueretaro.co\/index.php?rest_route=%2Fwp%2Fv2%2Ftags&post=2256"}],"curies":[{"name":"wp","href":"https:\/\/api.w.org\/{rel}","templated":true}]}}