{"id":229,"date":"2023-03-30T14:08:52","date_gmt":"2023-03-30T14:08:52","guid":{"rendered":"https:\/\/telediarioqueretaro.co\/?p=229"},"modified":"2023-03-30T14:08:52","modified_gmt":"2023-03-30T14:08:52","slug":"tradicion-que-persiste-pese-a-los-cambios-politicos-queretaro-maraton","status":"publish","type":"post","link":"https:\/\/telediarioqueretaro.co\/?p=229","title":{"rendered":"Tradici\u00f3n que persiste pese a los cambios pol\u00edticos Quer\u00e9taro marat\u00f3n"},"content":{"rendered":"\n<p>El Quer\u00e9taro Marat\u00f3n ha sido un evento deportivo que ha crecido a\u00f1o con a\u00f1o desde su primera edici\u00f3n en el a\u00f1o 2010. Lo que comenz\u00f3 como un evento termin\u00f3 siendo una tradici\u00f3n, pues en el a\u00f1o 2014 la legislatura local \u201cblind\u00f3\u201d el evento, para realizarse y trascender por diferentes administraciones estatales.<\/p>\n\n\n\n<figure class=\"wp-block-image size-full\"><img loading=\"lazy\" decoding=\"async\" width=\"488\" height=\"257\" src=\"https:\/\/telediarioqueretaro.co\/wp-content\/uploads\/2023\/03\/Screenshot_1-23.png\" alt=\"\" class=\"wp-image-230\" srcset=\"https:\/\/telediarioqueretaro.co\/wp-content\/uploads\/2023\/03\/Screenshot_1-23.png 488w, https:\/\/telediarioqueretaro.co\/wp-content\/uploads\/2023\/03\/Screenshot_1-23-300x158.png 300w\" sizes=\"auto, (max-width: 488px) 100vw, 488px\" \/><\/figure>\n\n\n\n<p>En aquella primera edici\u00f3n solo se cont\u00f3 con la categor\u00eda de diez y 21 kil\u00f3metros, logrando reunir a tres mil corredores. Para el siguiente a\u00f1o fueron abiertas nuevas categor\u00edas, pues en 2011 se lograron los 42 kil\u00f3metros, y la participaci\u00f3n increment\u00f3 a diez mil corredores.<\/p>\n\n\n\n<p>Con la llegada de corredores internacionales y m\u00e1s participantes del pa\u00eds, en el 2012 se superaron los 12 mil corredores en las categor\u00edas de 10, 21 y 42 kil\u00f3metros. Para el 2013 la cifra pas\u00f3 a 15 mil corredores, pero lo relevante del evento fue las certificaciones oficiales, pues ese a\u00f1o se recibi\u00f3 el aval de la Association of International Marathons and Distance Races (AIMS), la International Association of Athletics Federations (IAAF) y la Federaci\u00f3n Mexicana de Asociaciones de Atletismo (FMA).<\/p>\n\n\n\n<p>En el 2014, ya con el evento blindado y las certificaciones, el marat\u00f3n lleg\u00f3 a su momento cumbre, pues los participantes se extendieron hasta 21 mil, 18 mil inscritos oficialmente y tres mil m\u00e1s extra fuera de competencia. La cifra ser\u00eda superada en el 2015, con m\u00e1s de 24 mil atletas.<\/p>\n\n\n\n<p>Vino el cambio de administraci\u00f3n en el ejecutivo estatal desde la creaci\u00f3n del marat\u00f3n, y el entonces gobernador, Francisco Dom\u00ednguez, busc\u00f3 darle un nuevo giro, empezando por el nombre del evento, el cual fue bautizado como Rock and Roll Quer\u00e9taro Marat\u00f3n 2016.<\/p>\n\n\n\n<p>Dicho evento tuvo como novedad la presentaci\u00f3n de grupos musicales y DJ\u00b4s en la ruta. Las ediciones 2017, 2018 y 2019 contaron con m\u00e1s de 13 mil corredores, y el Marat\u00f3n vino a la baja respecto al auge que ten\u00eda desde sus inicios.<\/p>\n\n\n\n<p>Lleg\u00f3 el 2020 y con \u00e9l la pandemia, la suspensi\u00f3n fue inminente, pero pudo ser retomada el 21 de marzo 2021 contando con la participaci\u00f3n de 12 mil 500 corredores.<\/p>\n\n\n\n<p>La \u00faltima edici\u00f3n en 2022 se celebr\u00f3 apenas el pasado 2 de octubre, con una nueva administraci\u00f3n encabezada por Mauricio Kuri nuevamente creci\u00f3 el n\u00famero de participantes a 12 mil, y la intenci\u00f3n es retomar aquel evento que fue en sus inicios, donde se incentivaba a los corredores a participar.<\/p>\n","protected":false},"excerpt":{"rendered":"<p>El Quer\u00e9taro Marat\u00f3n ha sido un evento deportivo que ha crecido a\u00f1o con a\u00f1o desde su primera edici\u00f3n en el a\u00f1o 2010. Lo que comenz\u00f3 como un evento termin\u00f3 siendo una tradici\u00f3n, pues en el a\u00f1o 2014 la legislatura local \u201cblind\u00f3\u201d el evento, para realizarse y trascender por diferentes administraciones [&hellip;]<\/p>\n","protected":false},"author":2,"featured_media":0,"comment_status":"open","ping_status":"open","sticky":false,"template":"","format":"standard","meta":{"footnotes":""},"categories":[1],"tags":[],"class_list":["post-229","post","type-post","status-publish","format-standard","hentry","category-sin-categoria"],"_links":{"self":[{"href":"https:\/\/telediarioqueretaro.co\/index.php?rest_route=\/wp\/v2\/posts\/229","targetHints":{"allow":["GET"]}}],"collection":[{"href":"https:\/\/telediarioqueretaro.co\/index.php?rest_route=\/wp\/v2\/posts"}],"about":[{"href":"https:\/\/telediarioqueretaro.co\/index.php?rest_route=\/wp\/v2\/types\/post"}],"author":[{"embeddable":true,"href":"https:\/\/telediarioqueretaro.co\/index.php?rest_route=\/wp\/v2\/users\/2"}],"replies":[{"embeddable":true,"href":"https:\/\/telediarioqueretaro.co\/index.php?rest_route=%2Fwp%2Fv2%2Fcomments&post=229"}],"version-history":[{"count":1,"href":"https:\/\/telediarioqueretaro.co\/index.php?rest_route=\/wp\/v2\/posts\/229\/revisions"}],"predecessor-version":[{"id":231,"href":"https:\/\/telediarioqueretaro.co\/index.php?rest_route=\/wp\/v2\/posts\/229\/revisions\/231"}],"wp:attachment":[{"href":"https:\/\/telediarioqueretaro.co\/index.php?rest_route=%2Fwp%2Fv2%2Fmedia&parent=229"}],"wp:term":[{"taxonomy":"category","embeddable":true,"href":"https:\/\/telediarioqueretaro.co\/index.php?rest_route=%2Fwp%2Fv2%2Fcategories&post=229"},{"taxonomy":"post_tag","embeddable":true,"href":"https:\/\/telediarioqueretaro.co\/index.php?rest_route=%2Fwp%2Fv2%2Ftags&post=229"}],"curies":[{"name":"wp","href":"https:\/\/api.w.org\/{rel}","templated":true}]}}