{"id":2311,"date":"2023-07-20T15:25:18","date_gmt":"2023-07-20T15:25:18","guid":{"rendered":"https:\/\/telediarioqueretaro.co\/?p=2311"},"modified":"2023-07-20T15:25:18","modified_gmt":"2023-07-20T15:25:18","slug":"crece-percepcion-de-seguridad-en-habitantes-de-la-capital","status":"publish","type":"post","link":"https:\/\/telediarioqueretaro.co\/?p=2311","title":{"rendered":"Crece Percepci\u00f3n De Seguridad En Habitantes De La Capital"},"content":{"rendered":"\n<p><em>As\u00ed lo refiere el INEGI en la publicaci\u00f3n de resultados de la ENSU, correspondientes al segundo trimestre de 2023<\/em><\/p>\n\n\n\n<figure class=\"wp-block-image size-full\"><img loading=\"lazy\" decoding=\"async\" width=\"577\" height=\"356\" src=\"https:\/\/telediarioqueretaro.co\/wp-content\/uploads\/2023\/07\/image-30.png\" alt=\"\" class=\"wp-image-2312\" srcset=\"https:\/\/telediarioqueretaro.co\/wp-content\/uploads\/2023\/07\/image-30.png 577w, https:\/\/telediarioqueretaro.co\/wp-content\/uploads\/2023\/07\/image-30-300x185.png 300w\" sizes=\"auto, (max-width: 577px) 100vw, 577px\" \/><\/figure>\n\n\n\n<p>El trabajo que realizan de forma permanente la polic\u00eda del municipio de Quer\u00e9taro y de los municipios metropolitanos, ha derivado en que la poblaci\u00f3n vea a su polic\u00eda m\u00e1s cercana y como figura de autoridad.<\/p>\n\n\n\n<p>Dando seguimiento a la encomienda del gobernador Mauricio Kuri y el alcalde Luis Nava, como resultado de la implementaci\u00f3n del modelo de Polic\u00eda de Proximidad de las tres justicias, la percepci\u00f3n de seguridad aument\u00f3 4.2 por ciento de abril a junio, en comparaci\u00f3n con el primer trimestre del 2023.<\/p>\n\n\n\n<p>Asimismo, en comparativa con el primer trimestre del 2023, aument\u00f3 el porcentaje de la poblaci\u00f3n que considera efectivo el desempe\u00f1o de la Polic\u00eda Preventiva Municipal, al pasar de 62.5 a 65.5 por ciento, mientras que el porcentaje de habitantes que identifica a su polic\u00eda como autoridad que inspira confianza, subi\u00f3 de 63.1 a 68.8 por ciento.<\/p>\n\n\n\n<p>Es importante recalcar que la participaci\u00f3n de la ciudadan\u00eda, a trav\u00e9s de sus reportes, es parte fundamental para que juntos, sociedad y autoridad, sigamos construyendo diariamente el Quer\u00e9taro que queremos.<\/p>\n","protected":false},"excerpt":{"rendered":"<p>As\u00ed lo refiere el INEGI en la publicaci\u00f3n de resultados de la ENSU, correspondientes al segundo trimestre de 2023 El trabajo que realizan de forma permanente la polic\u00eda del municipio de Quer\u00e9taro y de los municipios metropolitanos, ha derivado en que la poblaci\u00f3n vea a su polic\u00eda m\u00e1s cercana y [&hellip;]<\/p>\n","protected":false},"author":2,"featured_media":2312,"comment_status":"open","ping_status":"open","sticky":false,"template":"","format":"standard","meta":{"footnotes":""},"categories":[1],"tags":[],"class_list":["post-2311","post","type-post","status-publish","format-standard","has-post-thumbnail","hentry","category-sin-categoria"],"_links":{"self":[{"href":"https:\/\/telediarioqueretaro.co\/index.php?rest_route=\/wp\/v2\/posts\/2311","targetHints":{"allow":["GET"]}}],"collection":[{"href":"https:\/\/telediarioqueretaro.co\/index.php?rest_route=\/wp\/v2\/posts"}],"about":[{"href":"https:\/\/telediarioqueretaro.co\/index.php?rest_route=\/wp\/v2\/types\/post"}],"author":[{"embeddable":true,"href":"https:\/\/telediarioqueretaro.co\/index.php?rest_route=\/wp\/v2\/users\/2"}],"replies":[{"embeddable":true,"href":"https:\/\/telediarioqueretaro.co\/index.php?rest_route=%2Fwp%2Fv2%2Fcomments&post=2311"}],"version-history":[{"count":1,"href":"https:\/\/telediarioqueretaro.co\/index.php?rest_route=\/wp\/v2\/posts\/2311\/revisions"}],"predecessor-version":[{"id":2313,"href":"https:\/\/telediarioqueretaro.co\/index.php?rest_route=\/wp\/v2\/posts\/2311\/revisions\/2313"}],"wp:featuredmedia":[{"embeddable":true,"href":"https:\/\/telediarioqueretaro.co\/index.php?rest_route=\/wp\/v2\/media\/2312"}],"wp:attachment":[{"href":"https:\/\/telediarioqueretaro.co\/index.php?rest_route=%2Fwp%2Fv2%2Fmedia&parent=2311"}],"wp:term":[{"taxonomy":"category","embeddable":true,"href":"https:\/\/telediarioqueretaro.co\/index.php?rest_route=%2Fwp%2Fv2%2Fcategories&post=2311"},{"taxonomy":"post_tag","embeddable":true,"href":"https:\/\/telediarioqueretaro.co\/index.php?rest_route=%2Fwp%2Fv2%2Ftags&post=2311"}],"curies":[{"name":"wp","href":"https:\/\/api.w.org\/{rel}","templated":true}]}}