{"id":2402,"date":"2023-08-12T16:32:22","date_gmt":"2023-08-12T16:32:22","guid":{"rendered":"https:\/\/telediarioqueretaro.co\/?p=2402"},"modified":"2023-08-12T16:32:22","modified_gmt":"2023-08-12T16:32:22","slug":"queretaro-participara-con-seis-disenadores-en-el-design-week-mexico-2023","status":"publish","type":"post","link":"https:\/\/telediarioqueretaro.co\/?p=2402","title":{"rendered":"Quer\u00e9taro participar\u00e1 con seis dise\u00f1adores en el Design Week M\u00e9xico 2023"},"content":{"rendered":"\n<p>Los dise\u00f1adores y artistas franceses y mexicanos convivir\u00e1n del 9 al 11 de agosto con las y los artesanos queretanos en sus talleres<\/p>\n\n\n\n<figure class=\"wp-block-image size-large\"><img loading=\"lazy\" decoding=\"async\" width=\"1024\" height=\"620\" src=\"https:\/\/telediarioqueretaro.co\/wp-content\/uploads\/2023\/08\/image-25-1024x620.png\" alt=\"\" class=\"wp-image-2403\" srcset=\"https:\/\/telediarioqueretaro.co\/wp-content\/uploads\/2023\/08\/image-25-1024x620.png 1024w, https:\/\/telediarioqueretaro.co\/wp-content\/uploads\/2023\/08\/image-25-300x182.png 300w, https:\/\/telediarioqueretaro.co\/wp-content\/uploads\/2023\/08\/image-25-768x465.png 768w, https:\/\/telediarioqueretaro.co\/wp-content\/uploads\/2023\/08\/image-25.png 1062w\" sizes=\"auto, (max-width: 1024px) 100vw, 1024px\" \/><\/figure>\n\n\n\n<p>Quer\u00e9taro participar\u00e1 en el\u00a0Design Week M\u00e9xico 2023 \u201cVisi\u00f3n y Tradici\u00f3n\u201d, un programa de residencias que promueve el trabajo colaborativo y creativo entre artesanos locales y dise\u00f1adores de talla nacional e internacional.<\/p>\n\n\n\n<p>El secretario de Desarrollo Social, Agust\u00edn Dorantes L\u00e1mbarri, inform\u00f3 que en el programa participar\u00e1n seis dise\u00f1adores franceses, cinco mexicanos, seis marcas de dise\u00f1o queretanas y 13 talleres artesanales de ocho municipios.<\/p>\n\n\n\n<p>La directora de la Casa Queretana de las Artesan\u00edas,\u00a0Gabriela Prieto Moros, explic\u00f3 que los dise\u00f1adores y artistas franceses y mexicanos convivir\u00e1n del 9 al 11 de agosto con las y los artesanos queretanos en sus talleres, donde realizar\u00e1n un trabajo colaborativo para producir una colecci\u00f3n de piezas de tradici\u00f3n artesanal y dise\u00f1o contempor\u00e1neo innovador.<\/p>\n\n\n\n<p>La colecci\u00f3n resultante se presentar\u00e1 en una exposici\u00f3n en el Museo Nacional de Antropolog\u00eda e Historia en la Ciudad de M\u00e9xico el 11 de octubre, con el fin de promover la prosperidad de las y los artesanos.<\/p>\n","protected":false},"excerpt":{"rendered":"<p>Los dise\u00f1adores y artistas franceses y mexicanos convivir\u00e1n del 9 al 11 de agosto con las y los artesanos queretanos en sus talleres Quer\u00e9taro participar\u00e1 en el\u00a0Design Week M\u00e9xico 2023 \u201cVisi\u00f3n y Tradici\u00f3n\u201d, un programa de residencias que promueve el trabajo colaborativo y creativo entre artesanos locales y dise\u00f1adores de [&hellip;]<\/p>\n","protected":false},"author":2,"featured_media":2403,"comment_status":"open","ping_status":"open","sticky":false,"template":"","format":"standard","meta":{"footnotes":""},"categories":[1],"tags":[],"class_list":["post-2402","post","type-post","status-publish","format-standard","has-post-thumbnail","hentry","category-sin-categoria"],"_links":{"self":[{"href":"https:\/\/telediarioqueretaro.co\/index.php?rest_route=\/wp\/v2\/posts\/2402","targetHints":{"allow":["GET"]}}],"collection":[{"href":"https:\/\/telediarioqueretaro.co\/index.php?rest_route=\/wp\/v2\/posts"}],"about":[{"href":"https:\/\/telediarioqueretaro.co\/index.php?rest_route=\/wp\/v2\/types\/post"}],"author":[{"embeddable":true,"href":"https:\/\/telediarioqueretaro.co\/index.php?rest_route=\/wp\/v2\/users\/2"}],"replies":[{"embeddable":true,"href":"https:\/\/telediarioqueretaro.co\/index.php?rest_route=%2Fwp%2Fv2%2Fcomments&post=2402"}],"version-history":[{"count":1,"href":"https:\/\/telediarioqueretaro.co\/index.php?rest_route=\/wp\/v2\/posts\/2402\/revisions"}],"predecessor-version":[{"id":2404,"href":"https:\/\/telediarioqueretaro.co\/index.php?rest_route=\/wp\/v2\/posts\/2402\/revisions\/2404"}],"wp:featuredmedia":[{"embeddable":true,"href":"https:\/\/telediarioqueretaro.co\/index.php?rest_route=\/wp\/v2\/media\/2403"}],"wp:attachment":[{"href":"https:\/\/telediarioqueretaro.co\/index.php?rest_route=%2Fwp%2Fv2%2Fmedia&parent=2402"}],"wp:term":[{"taxonomy":"category","embeddable":true,"href":"https:\/\/telediarioqueretaro.co\/index.php?rest_route=%2Fwp%2Fv2%2Fcategories&post=2402"},{"taxonomy":"post_tag","embeddable":true,"href":"https:\/\/telediarioqueretaro.co\/index.php?rest_route=%2Fwp%2Fv2%2Ftags&post=2402"}],"curies":[{"name":"wp","href":"https:\/\/api.w.org\/{rel}","templated":true}]}}