{"id":2411,"date":"2023-08-14T13:22:00","date_gmt":"2023-08-14T13:22:00","guid":{"rendered":"https:\/\/telediarioqueretaro.co\/?p=2411"},"modified":"2023-08-14T12:24:14","modified_gmt":"2023-08-14T12:24:14","slug":"morena-hara-jornadas-informativas-de-los-libros-de-texto-de-la-sep","status":"publish","type":"post","link":"https:\/\/telediarioqueretaro.co\/?p=2411","title":{"rendered":"Morena har\u00e1 jornadas informativas de los libros de texto de la SEP"},"content":{"rendered":"\n<p>Las actividades se llevar\u00e1n a cabo en los 18 municipios<\/p>\n\n\n\n<figure class=\"wp-block-image size-large\"><img loading=\"lazy\" decoding=\"async\" width=\"1024\" height=\"614\" src=\"https:\/\/telediarioqueretaro.co\/wp-content\/uploads\/2023\/08\/image-28-1024x614.png\" alt=\"\" class=\"wp-image-2412\" srcset=\"https:\/\/telediarioqueretaro.co\/wp-content\/uploads\/2023\/08\/image-28-1024x614.png 1024w, https:\/\/telediarioqueretaro.co\/wp-content\/uploads\/2023\/08\/image-28-300x180.png 300w, https:\/\/telediarioqueretaro.co\/wp-content\/uploads\/2023\/08\/image-28-768x461.png 768w, https:\/\/telediarioqueretaro.co\/wp-content\/uploads\/2023\/08\/image-28.png 1090w\" sizes=\"auto, (max-width: 1024px) 100vw, 1024px\" \/><\/figure>\n\n\n\n<p>El\u00a0Comit\u00e9 Estatal de Morena realizar\u00e1 jornadas informativas\u00a0y de an\u00e1lisis en los 18 municipios sobre el contenido de los libros de texto gratuitos.<\/p>\n\n\n\n<p>La presidenta estatal,\u00a0Rufina Ben\u00edtez Estrada\u00a0calific\u00f3 como reaccionaria y retr\u00f3grada la actitud de romper libros y descalificar el contenido, como lo ha planteado el Partido Acci\u00f3n Nacional (PAN).<\/p>\n\n\n\n<p>La morenista asegur\u00f3 que ya se requer\u00eda de un cambio en el modelo educativo, con una visi\u00f3n humanitaria y de trabajo colectivo.<\/p>\n\n\n\n<p><em>\u201cViene una jornada informativa como parte del proyecto de naci\u00f3n sobre este tema se van a hacer una serie de actividades para informar de lo que realmente se tratan estos libros de texto\u201d,<\/em>&nbsp;indic\u00f3.<\/p>\n\n\n\n<p>Ante la revisi\u00f3n planteada por el gobierno estatal, subray\u00f3 que son textos que ya fueron revisados.<\/p>\n\n\n\n<p>\u00c1ngel Balderas, consejero nacional de este partido, refiri\u00f3 que quienes han criticado el contenido est\u00e1n desfasados de la realidad, por lo que invit\u00f3 a participar en las jornadas informativas y reuniones de docentes en las instalaciones del Comit\u00e9 Estatal de Morena.<\/p>\n\n\n\n<p>Resalt\u00f3 que se trata de la primera vez que se escucha a docentes y expertos para definir el contenido.<\/p>\n","protected":false},"excerpt":{"rendered":"<p>Las actividades se llevar\u00e1n a cabo en los 18 municipios El\u00a0Comit\u00e9 Estatal de Morena realizar\u00e1 jornadas informativas\u00a0y de an\u00e1lisis en los 18 municipios sobre el contenido de los libros de texto gratuitos. La presidenta estatal,\u00a0Rufina Ben\u00edtez Estrada\u00a0calific\u00f3 como reaccionaria y retr\u00f3grada la actitud de romper libros y descalificar el contenido, [&hellip;]<\/p>\n","protected":false},"author":2,"featured_media":2412,"comment_status":"open","ping_status":"open","sticky":false,"template":"","format":"standard","meta":{"footnotes":""},"categories":[1],"tags":[],"class_list":["post-2411","post","type-post","status-publish","format-standard","has-post-thumbnail","hentry","category-sin-categoria"],"_links":{"self":[{"href":"https:\/\/telediarioqueretaro.co\/index.php?rest_route=\/wp\/v2\/posts\/2411","targetHints":{"allow":["GET"]}}],"collection":[{"href":"https:\/\/telediarioqueretaro.co\/index.php?rest_route=\/wp\/v2\/posts"}],"about":[{"href":"https:\/\/telediarioqueretaro.co\/index.php?rest_route=\/wp\/v2\/types\/post"}],"author":[{"embeddable":true,"href":"https:\/\/telediarioqueretaro.co\/index.php?rest_route=\/wp\/v2\/users\/2"}],"replies":[{"embeddable":true,"href":"https:\/\/telediarioqueretaro.co\/index.php?rest_route=%2Fwp%2Fv2%2Fcomments&post=2411"}],"version-history":[{"count":1,"href":"https:\/\/telediarioqueretaro.co\/index.php?rest_route=\/wp\/v2\/posts\/2411\/revisions"}],"predecessor-version":[{"id":2413,"href":"https:\/\/telediarioqueretaro.co\/index.php?rest_route=\/wp\/v2\/posts\/2411\/revisions\/2413"}],"wp:featuredmedia":[{"embeddable":true,"href":"https:\/\/telediarioqueretaro.co\/index.php?rest_route=\/wp\/v2\/media\/2412"}],"wp:attachment":[{"href":"https:\/\/telediarioqueretaro.co\/index.php?rest_route=%2Fwp%2Fv2%2Fmedia&parent=2411"}],"wp:term":[{"taxonomy":"category","embeddable":true,"href":"https:\/\/telediarioqueretaro.co\/index.php?rest_route=%2Fwp%2Fv2%2Fcategories&post=2411"},{"taxonomy":"post_tag","embeddable":true,"href":"https:\/\/telediarioqueretaro.co\/index.php?rest_route=%2Fwp%2Fv2%2Ftags&post=2411"}],"curies":[{"name":"wp","href":"https:\/\/api.w.org\/{rel}","templated":true}]}}