{"id":2418,"date":"2023-08-15T14:11:07","date_gmt":"2023-08-15T14:11:07","guid":{"rendered":"https:\/\/telediarioqueretaro.co\/?p=2418"},"modified":"2023-08-15T14:11:07","modified_gmt":"2023-08-15T14:11:07","slug":"salario-insuficiente-para-la-alimentacion-de-los-hogares","status":"publish","type":"post","link":"https:\/\/telediarioqueretaro.co\/?p=2418","title":{"rendered":"Salario, insuficiente para la alimentaci\u00f3n de los hogares"},"content":{"rendered":"\n<p>La pobreza laboral afecta a 35.9% de la poblaci\u00f3n queretana, reporta M\u00e9xico, \u00bfC\u00f3mo vamos?<\/p>\n\n\n\n<figure class=\"wp-block-image size-large\"><img loading=\"lazy\" decoding=\"async\" width=\"1024\" height=\"612\" src=\"https:\/\/telediarioqueretaro.co\/wp-content\/uploads\/2023\/08\/image-30-1024x612.png\" alt=\"\" class=\"wp-image-2419\" srcset=\"https:\/\/telediarioqueretaro.co\/wp-content\/uploads\/2023\/08\/image-30-1024x612.png 1024w, https:\/\/telediarioqueretaro.co\/wp-content\/uploads\/2023\/08\/image-30-300x179.png 300w, https:\/\/telediarioqueretaro.co\/wp-content\/uploads\/2023\/08\/image-30-768x459.png 768w, https:\/\/telediarioqueretaro.co\/wp-content\/uploads\/2023\/08\/image-30.png 1082w\" sizes=\"auto, (max-width: 1024px) 100vw, 1024px\" \/><\/figure>\n\n\n\n<p>La pobreza laboral afecta a 35.9% de la poblaci\u00f3n queretana, se trata de quienes tienen un ingreso insuficiente para comprar la canasta alimentaria, seg\u00fan informaci\u00f3n de M\u00e9xico, \u00bfC\u00f3mo vamos? (MCV) al primer trimestre de 2023.<\/p>\n\n\n\n<p>La organizaci\u00f3n ciudadana explic\u00f3 que la pobreza laboral es una situaci\u00f3n en la que\u00a0el ingreso laboral de un hogar no es suficiente para alimentar a todos sus miembros. Los hogares que padecen pobreza laboral pueden lograr alimentarse a partir de ingresos que no provienen de un empleo, como lo son las remesas, las transferencias o el acceso a programas sociales.<\/p>\n\n\n\n<p>El nivel de pobreza laboral que tuvo\u00a0Quer\u00e9taro en el primer trimestre del a\u00f1o dio cuenta de una ligera disminuci\u00f3n de 1.1 puntos porcentuales respecto al 37%\u00a0de la poblaci\u00f3n que estuvo en estas condiciones en el primer trimestre del a\u00f1o pasado.<\/p>\n\n\n\n<p>Asimismo, hay una reducci\u00f3n de 3.2 puntos porcentuales en relaci\u00f3n con el cuarto trimestre del 2022, periodo en el que la pobreza laboral lleg\u00f3 a 39.1% de la poblaci\u00f3n.<\/p>\n\n\n\n<p>De acuerdo con MCV,\u00a0el estado tiene la meta de reducir el porcentaje de la poblaci\u00f3n\u00a0que no puede adquirir la canasta alimentaria por medio de su ingreso laboral.<\/p>\n\n\n\n<p>Sin embargo, en las mujeres la pobreza laboral es mayor en comparaci\u00f3n con los hombres y en comparaci\u00f3n con el promedio estatal.<\/p>\n\n\n\n<p>En el primer trimestre del 2023,\u00a037.5% de las mujeres se encontraban en pobreza laboral, lo que indica una disminuci\u00f3n de 2.1 puntos porcentuales respecto al 39.6% de hace un a\u00f1o.<\/p>\n\n\n\n<p>Al contrario, en los hombres 34% padeci\u00f3 pobreza laboral en el primer trimestre del presente a\u00f1o, indicador que est\u00e1 por debajo del promedio estatal y por debajo del indicador de las mujeres. La pobreza laboral en los hombres disminuy\u00f3 0.1 punto porcentual respecto con el primer trimestre del 2022 cuando fue de 34.1%.<\/p>\n\n\n\n<p>A nivel nacional 37.7% de la poblaci\u00f3n mexicana no pudo adquirir la canasta b\u00e1sica con los ingresos laborales, con lo cual el pa\u00eds se coloc\u00f3 en color rojo del sem\u00e1foro de MCV, que de acuerdo con su avance o retroceso ubica al pa\u00eds, as\u00ed como a los estados en los colores verde, amarillo o rojo.<\/p>\n\n\n\n<p>En el pa\u00eds, la pobreza laboral tambi\u00e9n disminuy\u00f3 en el \u00faltimo a\u00f1o\u00a0pues en el primer trimestre del a\u00f1o pasado era de 38.8%.<\/p>\n\n\n\n<p><em>\u201cLa pobreza debe eliminarse porque genera un c\u00edrculo vicioso en el que por falta de recursos los individuos no pueden acceder a alimentos, educaci\u00f3n, transporte y por tanto, no pueden generar recursos para salir de esta situaci\u00f3n\u201d<\/em>&nbsp;se\u00f1al\u00f3 MCV.<\/p>\n\n\n\n<p>Por otra parte, en junio la tasa de desocupaci\u00f3n de Quer\u00e9taro fue del 3.4% de la Poblaci\u00f3n Econ\u00f3micamente Activa (PEA), siendo la s\u00e9ptima tasa m\u00e1s alta del pa\u00eds, as\u00ed fue como lo revel\u00f3 la Encuesta Nacional de Ocupaci\u00f3n y Empleo (ENOE) del Instituto Nacional de Estad\u00edstica y Geograf\u00eda (Inegi).<\/p>\n","protected":false},"excerpt":{"rendered":"<p>La pobreza laboral afecta a 35.9% de la poblaci\u00f3n queretana, reporta M\u00e9xico, \u00bfC\u00f3mo vamos? La pobreza laboral afecta a 35.9% de la poblaci\u00f3n queretana, se trata de quienes tienen un ingreso insuficiente para comprar la canasta alimentaria, seg\u00fan informaci\u00f3n de M\u00e9xico, \u00bfC\u00f3mo vamos? (MCV) al primer trimestre de 2023. La [&hellip;]<\/p>\n","protected":false},"author":2,"featured_media":2419,"comment_status":"open","ping_status":"open","sticky":false,"template":"","format":"standard","meta":{"footnotes":""},"categories":[1],"tags":[],"class_list":["post-2418","post","type-post","status-publish","format-standard","has-post-thumbnail","hentry","category-sin-categoria"],"_links":{"self":[{"href":"https:\/\/telediarioqueretaro.co\/index.php?rest_route=\/wp\/v2\/posts\/2418","targetHints":{"allow":["GET"]}}],"collection":[{"href":"https:\/\/telediarioqueretaro.co\/index.php?rest_route=\/wp\/v2\/posts"}],"about":[{"href":"https:\/\/telediarioqueretaro.co\/index.php?rest_route=\/wp\/v2\/types\/post"}],"author":[{"embeddable":true,"href":"https:\/\/telediarioqueretaro.co\/index.php?rest_route=\/wp\/v2\/users\/2"}],"replies":[{"embeddable":true,"href":"https:\/\/telediarioqueretaro.co\/index.php?rest_route=%2Fwp%2Fv2%2Fcomments&post=2418"}],"version-history":[{"count":1,"href":"https:\/\/telediarioqueretaro.co\/index.php?rest_route=\/wp\/v2\/posts\/2418\/revisions"}],"predecessor-version":[{"id":2420,"href":"https:\/\/telediarioqueretaro.co\/index.php?rest_route=\/wp\/v2\/posts\/2418\/revisions\/2420"}],"wp:featuredmedia":[{"embeddable":true,"href":"https:\/\/telediarioqueretaro.co\/index.php?rest_route=\/wp\/v2\/media\/2419"}],"wp:attachment":[{"href":"https:\/\/telediarioqueretaro.co\/index.php?rest_route=%2Fwp%2Fv2%2Fmedia&parent=2418"}],"wp:term":[{"taxonomy":"category","embeddable":true,"href":"https:\/\/telediarioqueretaro.co\/index.php?rest_route=%2Fwp%2Fv2%2Fcategories&post=2418"},{"taxonomy":"post_tag","embeddable":true,"href":"https:\/\/telediarioqueretaro.co\/index.php?rest_route=%2Fwp%2Fv2%2Ftags&post=2418"}],"curies":[{"name":"wp","href":"https:\/\/api.w.org\/{rel}","templated":true}]}}