{"id":2421,"date":"2023-08-16T12:44:43","date_gmt":"2023-08-16T12:44:43","guid":{"rendered":"https:\/\/telediarioqueretaro.co\/?p=2421"},"modified":"2023-08-16T12:44:43","modified_gmt":"2023-08-16T12:44:43","slug":"vega-carriles-supervisa-obras-de-urbanizacion-en-comunidades","status":"publish","type":"post","link":"https:\/\/telediarioqueretaro.co\/?p=2421","title":{"rendered":"Vega Carriles supervisa obras de urbanizaci\u00f3n en comunidades"},"content":{"rendered":"\n<p>Realizan creaci\u00f3n y mejora de guarniciones, banquetas, piso de concreto estampado y empedrado ahogado en mortero<\/p>\n\n\n\n<figure class=\"wp-block-image size-full\"><img loading=\"lazy\" decoding=\"async\" width=\"740\" height=\"456\" src=\"https:\/\/telediarioqueretaro.co\/wp-content\/uploads\/2023\/08\/image-31.png\" alt=\"\" class=\"wp-image-2422\" srcset=\"https:\/\/telediarioqueretaro.co\/wp-content\/uploads\/2023\/08\/image-31.png 740w, https:\/\/telediarioqueretaro.co\/wp-content\/uploads\/2023\/08\/image-31-300x185.png 300w\" sizes=\"auto, (max-width: 740px) 100vw, 740px\" \/><\/figure>\n\n\n\n<p>El presidente municipal de El Marqu\u00e9s, Enrique Vega Carriles, acudi\u00f3 a supervisar las\u00a0obras de urbanizaci\u00f3n de cinco localidades,\u00a0con el objetivo de mejorar la calidad de vida de sus habitantes, mediante la remodelaci\u00f3n de la imagen urbana.<\/p>\n\n\n\n<p>El recorrido que encabez\u00f3 inici\u00f3 en la localidad de San Miguel Amazcala, donde dialog\u00f3 con vecinos\u00a0sobre los avances de las obras y los trabajos a realizarse con posterioridad, adem\u00e1s de escuchar sus demandas.<\/p>\n\n\n\n<p>Luego de esta visita, se dirigi\u00f3 a Cerro Prieto donde recorri\u00f3 las calles Las Camelinas, Las Azucenas, Privada Los Nardos, Las Rosas, Privada Las Palmas y La Capilla, en donde se encuentran realizando diversos trabajos de mejora.<\/p>\n\n\n\n<p>Adem\u00e1s, acudi\u00f3 a la comunidad de Saldarriaga donde observ\u00f3 el avance de urbanizaci\u00f3n en calles como San Judas, Santo Tom\u00e1s, Ignacio de Loyola, La Pur\u00edsima, San Charbel, San Mart\u00edn, Campesinos y La Palma.<\/p>\n\n\n\n<p>En la localidad de La Piedad, el edil marquesino supervis\u00f3 el mejoramiento urbano de las calles Col\u00f3n, Chichimequillas, Cadereyta, Tolim\u00e1n y Pedro Escobedo.<\/p>\n\n\n\n<p>Cabe destacar que entre los\u00a0trabajos de urbanizaci\u00f3n\u00a0general se encuentra la creaci\u00f3n y mejora de guarniciones, banquetas, piso de concreto estampado y empedrado ahogado en mortero.<\/p>\n\n\n\n<p>Finalmente, Enrique Vega Carriles\u00a0acudi\u00f3 a La Pradera para constatar el avance\u00a0de la construcci\u00f3n del\u00a0centro de transbordo, que permitir\u00e1 a las y los usuarios acceder a las unidades de manera segura y accesible.<\/p>\n\n\n\n<p>Durante su recorrido por estas zonas el alcalde estuvo acompa\u00f1ado del jefe de la Oficina de la Presidencia, Rodrigo Monsalvo Castel\u00e1n, as\u00ed como del secretario de Obras P\u00fablicas, Abraham Ibarra Villase\u00f1or y ciudadanos.<\/p>\n","protected":false},"excerpt":{"rendered":"<p>Realizan creaci\u00f3n y mejora de guarniciones, banquetas, piso de concreto estampado y empedrado ahogado en mortero El presidente municipal de El Marqu\u00e9s, Enrique Vega Carriles, acudi\u00f3 a supervisar las\u00a0obras de urbanizaci\u00f3n de cinco localidades,\u00a0con el objetivo de mejorar la calidad de vida de sus habitantes, mediante la remodelaci\u00f3n de la [&hellip;]<\/p>\n","protected":false},"author":2,"featured_media":2422,"comment_status":"open","ping_status":"open","sticky":false,"template":"","format":"standard","meta":{"footnotes":""},"categories":[1],"tags":[],"class_list":["post-2421","post","type-post","status-publish","format-standard","has-post-thumbnail","hentry","category-sin-categoria"],"_links":{"self":[{"href":"https:\/\/telediarioqueretaro.co\/index.php?rest_route=\/wp\/v2\/posts\/2421","targetHints":{"allow":["GET"]}}],"collection":[{"href":"https:\/\/telediarioqueretaro.co\/index.php?rest_route=\/wp\/v2\/posts"}],"about":[{"href":"https:\/\/telediarioqueretaro.co\/index.php?rest_route=\/wp\/v2\/types\/post"}],"author":[{"embeddable":true,"href":"https:\/\/telediarioqueretaro.co\/index.php?rest_route=\/wp\/v2\/users\/2"}],"replies":[{"embeddable":true,"href":"https:\/\/telediarioqueretaro.co\/index.php?rest_route=%2Fwp%2Fv2%2Fcomments&post=2421"}],"version-history":[{"count":1,"href":"https:\/\/telediarioqueretaro.co\/index.php?rest_route=\/wp\/v2\/posts\/2421\/revisions"}],"predecessor-version":[{"id":2423,"href":"https:\/\/telediarioqueretaro.co\/index.php?rest_route=\/wp\/v2\/posts\/2421\/revisions\/2423"}],"wp:featuredmedia":[{"embeddable":true,"href":"https:\/\/telediarioqueretaro.co\/index.php?rest_route=\/wp\/v2\/media\/2422"}],"wp:attachment":[{"href":"https:\/\/telediarioqueretaro.co\/index.php?rest_route=%2Fwp%2Fv2%2Fmedia&parent=2421"}],"wp:term":[{"taxonomy":"category","embeddable":true,"href":"https:\/\/telediarioqueretaro.co\/index.php?rest_route=%2Fwp%2Fv2%2Fcategories&post=2421"},{"taxonomy":"post_tag","embeddable":true,"href":"https:\/\/telediarioqueretaro.co\/index.php?rest_route=%2Fwp%2Fv2%2Ftags&post=2421"}],"curies":[{"name":"wp","href":"https:\/\/api.w.org\/{rel}","templated":true}]}}