{"id":244,"date":"2023-03-30T21:01:46","date_gmt":"2023-03-30T21:01:46","guid":{"rendered":"https:\/\/telediarioqueretaro.co\/?p=244"},"modified":"2023-03-30T21:01:46","modified_gmt":"2023-03-30T21:01:46","slug":"chicharito-hernandez-genero-crisis-de-gol-en-la-galaxy-por-su-lesion","status":"publish","type":"post","link":"https:\/\/telediarioqueretaro.co\/?p=244","title":{"rendered":"Chicharito Hern\u00e1ndez gener\u00f3 crisis de gol en LA Galaxy por su lesi\u00f3n"},"content":{"rendered":"\n<p>Sin punter\u00eda, un rendimiento bajo de sus figuras, el equipo tiene su peor inicio en la MLS.<\/p>\n\n\n\n<p>Si bien el regreso del delantero mexicano aparenta estar cerca, la crisis de resultados, pero sobre todo la sequ\u00eda en ataque que afronta el equipo de Greg Vanney tiene en alerta roja a todos en Los \u00c1ngeles.<\/p>\n\n\n\n<p>Cuatro partidos disputados, tres empates, una derrota, antepen\u00faltimo en la Conferencia Oeste, apenas un 25% de efectividad y lo que preocupa a\u00fan m\u00e1s es que apenas ha hecho dos goles y la falta de generaci\u00f3n de juego de mediocampo hacia arriba.<\/p>\n\n\n\n<p>Para muchos es claro que una de las causas de esta falta de \u00e9xito frente al arco rival se debe a la ausencia de Javier &#8216;Chicharito&#8217; Hern\u00e1ndez, quien sigue con problemas f\u00edsicos y no es seguro que est\u00e9 disponible este fin de semana para el electrizante compromiso ante Seattle Sounders (7:30 pm ET &#8211; MLS Season Pass<\/p>\n\n\n\n<figure class=\"wp-block-image size-full is-resized\"><img loading=\"lazy\" decoding=\"async\" src=\"https:\/\/telediarioqueretaro.co\/wp-content\/uploads\/2023\/03\/Screenshot_1-28.png\" alt=\"\" class=\"wp-image-245\" width=\"432\" height=\"295\" srcset=\"https:\/\/telediarioqueretaro.co\/wp-content\/uploads\/2023\/03\/Screenshot_1-28.png 324w, https:\/\/telediarioqueretaro.co\/wp-content\/uploads\/2023\/03\/Screenshot_1-28-300x205.png 300w\" sizes=\"auto, (max-width: 432px) 100vw, 432px\" \/><\/figure>\n\n\n\n<p>Los \u00faltimos reportes desde Los \u00c1ngeles apuntan a que el artillero azteca no volver\u00eda al 11 inicial de Vanney hasta el pr\u00f3ximo 16 de abril, cuando su equipo de mida a LAFC de Carlos Vela, en lo que ser\u00e1 el primer &#8220;Tr\u00e1fico&#8221; de 2023, pero antes de ese cotejo no ver\u00eda accci\u00f3n ante el Sounders el 1 de abril y ante Houston Dynamo el 8 de abril.<\/p>\n","protected":false},"excerpt":{"rendered":"<p>Sin punter\u00eda, un rendimiento bajo de sus figuras, el equipo tiene su peor inicio en la MLS. Si bien el regreso del delantero mexicano aparenta estar cerca, la crisis de resultados, pero sobre todo la sequ\u00eda en ataque que afronta el equipo de Greg Vanney tiene en alerta roja a [&hellip;]<\/p>\n","protected":false},"author":2,"featured_media":0,"comment_status":"open","ping_status":"open","sticky":false,"template":"","format":"standard","meta":{"footnotes":""},"categories":[1],"tags":[],"class_list":["post-244","post","type-post","status-publish","format-standard","hentry","category-sin-categoria"],"_links":{"self":[{"href":"https:\/\/telediarioqueretaro.co\/index.php?rest_route=\/wp\/v2\/posts\/244","targetHints":{"allow":["GET"]}}],"collection":[{"href":"https:\/\/telediarioqueretaro.co\/index.php?rest_route=\/wp\/v2\/posts"}],"about":[{"href":"https:\/\/telediarioqueretaro.co\/index.php?rest_route=\/wp\/v2\/types\/post"}],"author":[{"embeddable":true,"href":"https:\/\/telediarioqueretaro.co\/index.php?rest_route=\/wp\/v2\/users\/2"}],"replies":[{"embeddable":true,"href":"https:\/\/telediarioqueretaro.co\/index.php?rest_route=%2Fwp%2Fv2%2Fcomments&post=244"}],"version-history":[{"count":1,"href":"https:\/\/telediarioqueretaro.co\/index.php?rest_route=\/wp\/v2\/posts\/244\/revisions"}],"predecessor-version":[{"id":246,"href":"https:\/\/telediarioqueretaro.co\/index.php?rest_route=\/wp\/v2\/posts\/244\/revisions\/246"}],"wp:attachment":[{"href":"https:\/\/telediarioqueretaro.co\/index.php?rest_route=%2Fwp%2Fv2%2Fmedia&parent=244"}],"wp:term":[{"taxonomy":"category","embeddable":true,"href":"https:\/\/telediarioqueretaro.co\/index.php?rest_route=%2Fwp%2Fv2%2Fcategories&post=244"},{"taxonomy":"post_tag","embeddable":true,"href":"https:\/\/telediarioqueretaro.co\/index.php?rest_route=%2Fwp%2Fv2%2Ftags&post=244"}],"curies":[{"name":"wp","href":"https:\/\/api.w.org\/{rel}","templated":true}]}}