{"id":2455,"date":"2023-08-21T16:05:16","date_gmt":"2023-08-21T16:05:16","guid":{"rendered":"https:\/\/telediarioqueretaro.co\/?p=2455"},"modified":"2023-08-21T16:05:16","modified_gmt":"2023-08-21T16:05:16","slug":"presentan-programa-de-radio-la-voz-del-indereq","status":"publish","type":"post","link":"https:\/\/telediarioqueretaro.co\/?p=2455","title":{"rendered":"Presentan Programa De Radio La Voz Del INDEREQ"},"content":{"rendered":"\n<figure class=\"wp-block-image size-full\"><img loading=\"lazy\" decoding=\"async\" width=\"632\" height=\"449\" src=\"https:\/\/telediarioqueretaro.co\/wp-content\/uploads\/2023\/08\/image-39.png\" alt=\"\" class=\"wp-image-2456\" srcset=\"https:\/\/telediarioqueretaro.co\/wp-content\/uploads\/2023\/08\/image-39.png 632w, https:\/\/telediarioqueretaro.co\/wp-content\/uploads\/2023\/08\/image-39-300x213.png 300w\" sizes=\"auto, (max-width: 632px) 100vw, 632px\" \/><\/figure>\n\n\n\n<p>La directora general del Instituto del Deporte y la Recreaci\u00f3n del Estado de Quer\u00e9taro (INDEREQ, Iridia Salazar Blanco, present\u00f3 el programa radiof\u00f3nico \u201cLa voz del INDEREQ\u201d que tiene la finalidad difundir las trayectorias de los deportistas queretanos y promocionar la activaci\u00f3n f\u00edsica en la entidad.<\/p>\n\n\n\n<p>\u201cEstamos muy felices por este espacio porque el INDEREQ tiene mucho qu\u00e9 decir; creamos este programa para dar a conocer las historias de trabajo arduo de nuestros atletas e invitar a m\u00e1s personas a realizar ejercicio de manera continua en su vida para estar f\u00edsica y mentalmente preparados\u201d, comparti\u00f3.<\/p>\n\n\n\n<p>Durante las primeras emisiones el programa ha contado con la participaci\u00f3n de atletas como David Guzm\u00e1n, lanzador de bala que logr\u00f3 nuevo r\u00e9cord nacional; Karla Acosta, integrante de la selecci\u00f3n mexicana de lucha; Regina Lemus, nadadora multimedallista en los pasados \u201cNacionales CONADE 2023\u201d y la psic\u00f3loga deportiva, Diana Garfias.<\/p>\n\n\n\n<p>El programa es conducido por Iv\u00e1n Torres y Mar\u00eda Fernanda Herrera y consta de entrevistas a deportistas, entrenadores, l\u00edderes de organizaciones deportivas; as\u00ed como la promoci\u00f3n de acciones gubernamentales en favor del ejercicio y la actividad f\u00edsica.&nbsp;<\/p>\n","protected":false},"excerpt":{"rendered":"<p>La directora general del Instituto del Deporte y la Recreaci\u00f3n del Estado de Quer\u00e9taro (INDEREQ, Iridia Salazar Blanco, present\u00f3 el programa radiof\u00f3nico \u201cLa voz del INDEREQ\u201d que tiene la finalidad difundir las trayectorias de los deportistas queretanos y promocionar la activaci\u00f3n f\u00edsica en la entidad. \u201cEstamos muy felices por este [&hellip;]<\/p>\n","protected":false},"author":2,"featured_media":2456,"comment_status":"open","ping_status":"open","sticky":false,"template":"","format":"standard","meta":{"footnotes":""},"categories":[1],"tags":[],"class_list":["post-2455","post","type-post","status-publish","format-standard","has-post-thumbnail","hentry","category-sin-categoria"],"_links":{"self":[{"href":"https:\/\/telediarioqueretaro.co\/index.php?rest_route=\/wp\/v2\/posts\/2455","targetHints":{"allow":["GET"]}}],"collection":[{"href":"https:\/\/telediarioqueretaro.co\/index.php?rest_route=\/wp\/v2\/posts"}],"about":[{"href":"https:\/\/telediarioqueretaro.co\/index.php?rest_route=\/wp\/v2\/types\/post"}],"author":[{"embeddable":true,"href":"https:\/\/telediarioqueretaro.co\/index.php?rest_route=\/wp\/v2\/users\/2"}],"replies":[{"embeddable":true,"href":"https:\/\/telediarioqueretaro.co\/index.php?rest_route=%2Fwp%2Fv2%2Fcomments&post=2455"}],"version-history":[{"count":1,"href":"https:\/\/telediarioqueretaro.co\/index.php?rest_route=\/wp\/v2\/posts\/2455\/revisions"}],"predecessor-version":[{"id":2457,"href":"https:\/\/telediarioqueretaro.co\/index.php?rest_route=\/wp\/v2\/posts\/2455\/revisions\/2457"}],"wp:featuredmedia":[{"embeddable":true,"href":"https:\/\/telediarioqueretaro.co\/index.php?rest_route=\/wp\/v2\/media\/2456"}],"wp:attachment":[{"href":"https:\/\/telediarioqueretaro.co\/index.php?rest_route=%2Fwp%2Fv2%2Fmedia&parent=2455"}],"wp:term":[{"taxonomy":"category","embeddable":true,"href":"https:\/\/telediarioqueretaro.co\/index.php?rest_route=%2Fwp%2Fv2%2Fcategories&post=2455"},{"taxonomy":"post_tag","embeddable":true,"href":"https:\/\/telediarioqueretaro.co\/index.php?rest_route=%2Fwp%2Fv2%2Ftags&post=2455"}],"curies":[{"name":"wp","href":"https:\/\/api.w.org\/{rel}","templated":true}]}}