{"id":247,"date":"2023-03-30T21:14:51","date_gmt":"2023-03-30T21:14:51","guid":{"rendered":"https:\/\/telediarioqueretaro.co\/?p=247"},"modified":"2023-03-30T21:14:52","modified_gmt":"2023-03-30T21:14:52","slug":"tendencias-de-moda-imprescindibles-para-esta-primavera-verano","status":"publish","type":"post","link":"https:\/\/telediarioqueretaro.co\/?p=247","title":{"rendered":"Tendencias de moda imprescindibles para esta primavera-verano"},"content":{"rendered":"\n<p>El estilo n\u00e1utico, las prendas llenas de color, los neutros en todos sus matices y los looks en pareja inspirados en la temporada estival son algunas de las tendencias m\u00e1s prominentes esta temporada.<\/p>\n\n\n\n<figure class=\"wp-block-image size-full\"><img loading=\"lazy\" decoding=\"async\" width=\"636\" height=\"323\" src=\"https:\/\/telediarioqueretaro.co\/wp-content\/uploads\/2023\/03\/Screenshot_1-29.png\" alt=\"\" class=\"wp-image-248\" srcset=\"https:\/\/telediarioqueretaro.co\/wp-content\/uploads\/2023\/03\/Screenshot_1-29.png 636w, https:\/\/telediarioqueretaro.co\/wp-content\/uploads\/2023\/03\/Screenshot_1-29-300x152.png 300w\" sizes=\"auto, (max-width: 636px) 100vw, 636px\" \/><\/figure>\n\n\n\n<p>Con los d\u00edas m\u00e1s c\u00e1lidos a la vuelta de la esquina, es momento de comenzar a incorporar las tendencias primavera-verano 2023 en nuestros armarios. Hace unos meses, los dise\u00f1adores revelaron sus colecciones m\u00e1s esperadas, y si hay algo que tuvieron en com\u00fan, es que este verano, la moda se inspira en el mar. Las prendas con estampados a rayas, los colores ne\u00f3n, el beige en todas sus tonalidades, y combinar con tu pareja como una declaraci\u00f3n de estilo son solo algunas de las propuestas que cobran protagonismo esta temporada estival, y Sears lo ha sabido interpretar a trav\u00e9s de su campa\u00f1a Spring in Fashion, una selecci\u00f3n de prendas llena de color y textura que inundar\u00e1n tu cl\u00f3set de alegr\u00eda esta temporada.<\/p>\n\n\n\n<p>ESTAS SON LAS TENDENCIAS PRIMAVERA-VERANO 2023 QUE NO DEBEN FALTAR EN TU GUARDARROPA<br>Estilo n\u00e1utico<\/p>\n\n\n\n<p>Un cl\u00e1sico del verano, el estilo n\u00e1utico regresa esta temporada para acaparar tu guardarropa de dise\u00f1os inspirados en los uniformes navales. El color azul marino, las rayas marineras, las anclas, y los nudos en todas sus formas han salpicado las pasarelas e inspirado las colecciones primavera-verano 2023 de grandes dise\u00f1adores. Adopta esta tendencia que transmite el concepto rom\u00e1ntico de vivir en altamar a trav\u00e9s de prendas como su\u00e9teres de punto, camisas a rayas, gorros marineros, faldas con botones met\u00e1licos, y piezas confeccionadas de mezclilla en tonalidades oscuras. No necesitas ser propietario de un yate o vivir cerca del mar para lucir esta tendencia digna de disfrutar del sol, \u00bfla clave? Utilizar materiales ligeros, cortes relajados y siluetas c\u00f3modas como la falda denim y una camisa de botones que propone Sears.<\/p>\n\n\n\n<figure class=\"wp-block-image size-full\"><img loading=\"lazy\" decoding=\"async\" width=\"590\" height=\"510\" src=\"https:\/\/telediarioqueretaro.co\/wp-content\/uploads\/2023\/03\/Screenshot_1-32.png\" alt=\"\" class=\"wp-image-251\" srcset=\"https:\/\/telediarioqueretaro.co\/wp-content\/uploads\/2023\/03\/Screenshot_1-32.png 590w, https:\/\/telediarioqueretaro.co\/wp-content\/uploads\/2023\/03\/Screenshot_1-32-300x259.png 300w\" sizes=\"auto, (max-width: 590px) 100vw, 590px\" \/><\/figure>\n\n\n\n<p>\u00a1Arriba el color!<\/p>\n\n\n\n<p>No hay nada como celebrar la llegada de las altas temperaturas con un guardarropa lleno de color. Esta tendencia inspirada en los a\u00f1os 90 evoca el car\u00e1cter divertido y desenfadado de la \u00e9poca con prendas en tonalidades brillantes como el magenta, el naranja, el fucsia y el verde. Para esta tendencia, la t\u00e9cnica de color-blocking ser\u00e1 tu mejor aliado, ten a la mano una rueda de color y escoge un color base y comb\u00ednalo con su complementario. Celebridades e it-girls como Hailey Bieber y Chiara Ferragni se han declarado fan\u00e1ticas de esta tendencia, insp\u00edrate en ellas y combina prendas b\u00e1sicas como unos jeans de mezclilla y una t-shirt de algod\u00f3n blanca con un chaleco en color verde lim\u00f3n o una camisa rosa fosforescente. Sears cuenta con pantalones anchos y blusas con transparencias en colores vibrantes.<\/p>\n\n\n\n<figure class=\"wp-block-image size-full\"><img loading=\"lazy\" decoding=\"async\" width=\"539\" height=\"334\" src=\"https:\/\/telediarioqueretaro.co\/wp-content\/uploads\/2023\/03\/Screenshot_1-30.png\" alt=\"\" class=\"wp-image-249\" srcset=\"https:\/\/telediarioqueretaro.co\/wp-content\/uploads\/2023\/03\/Screenshot_1-30.png 539w, https:\/\/telediarioqueretaro.co\/wp-content\/uploads\/2023\/03\/Screenshot_1-30-300x186.png 300w\" sizes=\"auto, (max-width: 539px) 100vw, 539px\" \/><\/figure>\n\n\n\n<p>Elegancia monocrom\u00e1tica<\/p>\n\n\n\n<p>Elegantes, cl\u00e1sicos y vers\u00e1tiles, los colores neutros llegan esta primavera a llenar de luz tus outfits despu\u00e9s de una temporada fr\u00eda y llena de sombra. Un staple del tan admirado street style parisino, los conjuntos monocrom\u00e1ticos en tonalidades claras como el blanco, beige, gris, y crema le aportar\u00e1n un aire de sofisticaci\u00f3n y serenidad a cualquier look. Crea inter\u00e9s visual al mantener el mismo tono, pero con distintos matices y graduaciones. En este caso, los cortes y siluetas inesperadas en distintos materiales que encontrar\u00e1s en Sears le brindar\u00e1n un toque extra de textura y dimensi\u00f3n. \u00a1El regreso del beige nunca hab\u00eda sido tan atractivo!<\/p>\n\n\n\n<figure class=\"wp-block-image size-full\"><img loading=\"lazy\" decoding=\"async\" width=\"493\" height=\"419\" src=\"https:\/\/telediarioqueretaro.co\/wp-content\/uploads\/2023\/03\/Screenshot_1-31.png\" alt=\"\" class=\"wp-image-250\" srcset=\"https:\/\/telediarioqueretaro.co\/wp-content\/uploads\/2023\/03\/Screenshot_1-31.png 493w, https:\/\/telediarioqueretaro.co\/wp-content\/uploads\/2023\/03\/Screenshot_1-31-300x255.png 300w\" sizes=\"auto, (max-width: 493px) 100vw, 493px\" \/><\/figure>\n","protected":false},"excerpt":{"rendered":"<p>El estilo n\u00e1utico, las prendas llenas de color, los neutros en todos sus matices y los looks en pareja inspirados en la temporada estival son algunas de las tendencias m\u00e1s prominentes esta temporada. Con los d\u00edas m\u00e1s c\u00e1lidos a la vuelta de la esquina, es momento de comenzar a incorporar [&hellip;]<\/p>\n","protected":false},"author":2,"featured_media":0,"comment_status":"open","ping_status":"open","sticky":false,"template":"","format":"standard","meta":{"footnotes":""},"categories":[1],"tags":[],"class_list":["post-247","post","type-post","status-publish","format-standard","hentry","category-sin-categoria"],"_links":{"self":[{"href":"https:\/\/telediarioqueretaro.co\/index.php?rest_route=\/wp\/v2\/posts\/247","targetHints":{"allow":["GET"]}}],"collection":[{"href":"https:\/\/telediarioqueretaro.co\/index.php?rest_route=\/wp\/v2\/posts"}],"about":[{"href":"https:\/\/telediarioqueretaro.co\/index.php?rest_route=\/wp\/v2\/types\/post"}],"author":[{"embeddable":true,"href":"https:\/\/telediarioqueretaro.co\/index.php?rest_route=\/wp\/v2\/users\/2"}],"replies":[{"embeddable":true,"href":"https:\/\/telediarioqueretaro.co\/index.php?rest_route=%2Fwp%2Fv2%2Fcomments&post=247"}],"version-history":[{"count":1,"href":"https:\/\/telediarioqueretaro.co\/index.php?rest_route=\/wp\/v2\/posts\/247\/revisions"}],"predecessor-version":[{"id":252,"href":"https:\/\/telediarioqueretaro.co\/index.php?rest_route=\/wp\/v2\/posts\/247\/revisions\/252"}],"wp:attachment":[{"href":"https:\/\/telediarioqueretaro.co\/index.php?rest_route=%2Fwp%2Fv2%2Fmedia&parent=247"}],"wp:term":[{"taxonomy":"category","embeddable":true,"href":"https:\/\/telediarioqueretaro.co\/index.php?rest_route=%2Fwp%2Fv2%2Fcategories&post=247"},{"taxonomy":"post_tag","embeddable":true,"href":"https:\/\/telediarioqueretaro.co\/index.php?rest_route=%2Fwp%2Fv2%2Ftags&post=247"}],"curies":[{"name":"wp","href":"https:\/\/api.w.org\/{rel}","templated":true}]}}