{"id":2512,"date":"2023-08-29T15:05:22","date_gmt":"2023-08-29T15:05:22","guid":{"rendered":"https:\/\/telediarioqueretaro.co\/?p=2512"},"modified":"2023-08-29T15:05:23","modified_gmt":"2023-08-29T15:05:23","slug":"enrique-vega-corona-a-la-reina-y-el-abuelo-de-oro","status":"publish","type":"post","link":"https:\/\/telediarioqueretaro.co\/?p=2512","title":{"rendered":"Enrique Vega corona a la Reina y el Abuelo de Oro\u00a0"},"content":{"rendered":"\n<figure class=\"wp-block-image size-large\"><img loading=\"lazy\" decoding=\"async\" width=\"1024\" height=\"806\" src=\"https:\/\/telediarioqueretaro.co\/wp-content\/uploads\/2023\/08\/image-57-1024x806.png\" alt=\"\" class=\"wp-image-2513\" srcset=\"https:\/\/telediarioqueretaro.co\/wp-content\/uploads\/2023\/08\/image-57-1024x806.png 1024w, https:\/\/telediarioqueretaro.co\/wp-content\/uploads\/2023\/08\/image-57-300x236.png 300w, https:\/\/telediarioqueretaro.co\/wp-content\/uploads\/2023\/08\/image-57-768x604.png 768w, https:\/\/telediarioqueretaro.co\/wp-content\/uploads\/2023\/08\/image-57.png 1117w\" sizes=\"auto, (max-width: 1024px) 100vw, 1024px\" \/><\/figure>\n\n\n\n<p>El edil marquesino extern\u00f3 un reconocimiento a los festejados, al ser un apoyo y modelo de vida para las siguientes generaciones.<\/p>\n\n\n\n<p>El presidente municipal de El Marqu\u00e9s, Enrique Vega Carriles, acompa\u00f1ado del jefe de la Oficina de la Presidencia, Rodrigo Monsalvo Castel\u00e1n, encabez\u00f3 la Coronaci\u00f3n de la Reina y el Abuelo de Oro, evento organizado por el Sistema Municipal para Desarrollo Integral de la Familia (SMDIF) en las instalaciones del Ecocentro Expositor de Quer\u00e9taro.<\/p>\n\n\n\n<p>Ante m\u00e1s de 3 mil adultos mayores de distintas comunidades, Vega Carriles destac\u00f3 que dicho festejo es sin\u00f3nimo de alegr\u00eda, ejemplo y orgullo marquesino, por lo que felicit\u00f3 a los ganadores y les extern\u00f3 un reconocimiento al ser un apoyo y modelo de vida para las siguientes generaciones.<\/p>\n\n\n\n<p>\u201cCada una de estas parejas que conforman, nos inspiran y nos recuerdan que somos capaces de construir familias y comunidades felices. Se los encargo mucho: sigan llenando de vida a El Marqu\u00e9s con su sabidur\u00eda, con su trabajo en equipo, con su baile y su alegr\u00eda\u201d, subray\u00f3.<\/p>\n\n\n\n<p>Los ganadores de este a\u00f1o fueron Soledad Iturribana Dom\u00ednguez y M\u00e1ximo Epitacio Puga Corona, habitantes de El Carmen y El Socav\u00f3n respectivamente.<\/p>\n\n\n\n<p>En su mensaje, Alejandro Escobedo Avenda\u00f1o, director general del DIF de El Marqu\u00e9s, destac\u00f3 que el objetivo de la Coronaci\u00f3n de la Reina y el Abuelo de Oro, es valorar e incentivar la experiencia de los logros realizados a trav\u00e9s de su vida, como adultos mayores, adem\u00e1s de fomentar la solidaridad, el respeto en el n\u00facleo familiar, y la convivencia social.<\/p>\n\n\n\n<p>Al evento asistieron el secretario de Desarrollo Social del estado de Quer\u00e9taro, Agust\u00edn Dorantes L\u00e1mbarri; la procuradora Estatal de Atenci\u00f3n y Protecci\u00f3n Integral a Personas Adultas Mayores del Sistema Estatal DIF, Paola Fern\u00e1ndez Trejo; y adultos mayores quienes apoyaban a los concursantes de sus comunidades.&nbsp;<\/p>\n","protected":false},"excerpt":{"rendered":"<p>El edil marquesino extern\u00f3 un reconocimiento a los festejados, al ser un apoyo y modelo de vida para las siguientes generaciones. El presidente municipal de El Marqu\u00e9s, Enrique Vega Carriles, acompa\u00f1ado del jefe de la Oficina de la Presidencia, Rodrigo Monsalvo Castel\u00e1n, encabez\u00f3 la Coronaci\u00f3n de la Reina y el [&hellip;]<\/p>\n","protected":false},"author":2,"featured_media":2513,"comment_status":"open","ping_status":"open","sticky":false,"template":"","format":"standard","meta":{"footnotes":""},"categories":[1],"tags":[],"class_list":["post-2512","post","type-post","status-publish","format-standard","has-post-thumbnail","hentry","category-sin-categoria"],"_links":{"self":[{"href":"https:\/\/telediarioqueretaro.co\/index.php?rest_route=\/wp\/v2\/posts\/2512","targetHints":{"allow":["GET"]}}],"collection":[{"href":"https:\/\/telediarioqueretaro.co\/index.php?rest_route=\/wp\/v2\/posts"}],"about":[{"href":"https:\/\/telediarioqueretaro.co\/index.php?rest_route=\/wp\/v2\/types\/post"}],"author":[{"embeddable":true,"href":"https:\/\/telediarioqueretaro.co\/index.php?rest_route=\/wp\/v2\/users\/2"}],"replies":[{"embeddable":true,"href":"https:\/\/telediarioqueretaro.co\/index.php?rest_route=%2Fwp%2Fv2%2Fcomments&post=2512"}],"version-history":[{"count":1,"href":"https:\/\/telediarioqueretaro.co\/index.php?rest_route=\/wp\/v2\/posts\/2512\/revisions"}],"predecessor-version":[{"id":2514,"href":"https:\/\/telediarioqueretaro.co\/index.php?rest_route=\/wp\/v2\/posts\/2512\/revisions\/2514"}],"wp:featuredmedia":[{"embeddable":true,"href":"https:\/\/telediarioqueretaro.co\/index.php?rest_route=\/wp\/v2\/media\/2513"}],"wp:attachment":[{"href":"https:\/\/telediarioqueretaro.co\/index.php?rest_route=%2Fwp%2Fv2%2Fmedia&parent=2512"}],"wp:term":[{"taxonomy":"category","embeddable":true,"href":"https:\/\/telediarioqueretaro.co\/index.php?rest_route=%2Fwp%2Fv2%2Fcategories&post=2512"},{"taxonomy":"post_tag","embeddable":true,"href":"https:\/\/telediarioqueretaro.co\/index.php?rest_route=%2Fwp%2Fv2%2Ftags&post=2512"}],"curies":[{"name":"wp","href":"https:\/\/api.w.org\/{rel}","templated":true}]}}