{"id":2525,"date":"2023-08-30T13:30:00","date_gmt":"2023-08-30T13:30:00","guid":{"rendered":"https:\/\/telediarioqueretaro.co\/?p=2525"},"modified":"2023-08-30T12:32:45","modified_gmt":"2023-08-30T12:32:45","slug":"habra-simulacro-el-19-de-septiembre-en-queretaro","status":"publish","type":"post","link":"https:\/\/telediarioqueretaro.co\/?p=2525","title":{"rendered":"Habr\u00e1 simulacro el 19 de septiembre en Quer\u00e9taro"},"content":{"rendered":"\n<figure class=\"wp-block-image size-full\"><img loading=\"lazy\" decoding=\"async\" width=\"749\" height=\"419\" src=\"https:\/\/telediarioqueretaro.co\/wp-content\/uploads\/2023\/08\/image-61.png\" alt=\"\" class=\"wp-image-2526\" srcset=\"https:\/\/telediarioqueretaro.co\/wp-content\/uploads\/2023\/08\/image-61.png 749w, https:\/\/telediarioqueretaro.co\/wp-content\/uploads\/2023\/08\/image-61-300x168.png 300w\" sizes=\"auto, (max-width: 749px) 100vw, 749px\" \/><\/figure>\n\n\n\n<p>Javier Amaya Torres, Coordinador Estatal de Protecci\u00f3n Civil, adelant\u00f3 que Quer\u00e9taro se sumar\u00e1 al Simulacro Nacional 2023.<\/p>\n\n\n\n<p>Indic\u00f3 que est\u00e1 actividad se llevar\u00e1 a cabo el pr\u00f3ximo 19 de septiembre a las 11 de la ma\u00f1ana.<\/p>\n\n\n\n<p>Apunt\u00f3 que este simulacro de realizar\u00e1 de 8 grados sobre la escala de Richter y con un epicentro en Acapulco, Guerrero.<\/p>\n\n\n\n<p>El titular de la Coordinaci\u00f3n Estatal de Protecci\u00f3n Civil, indic\u00f3 que se espera una buena participaci\u00f3n por parte de escuelas, municipios de la entidad y empresas.<\/p>\n","protected":false},"excerpt":{"rendered":"<p>Javier Amaya Torres, Coordinador Estatal de Protecci\u00f3n Civil, adelant\u00f3 que Quer\u00e9taro se sumar\u00e1 al Simulacro Nacional 2023. Indic\u00f3 que est\u00e1 actividad se llevar\u00e1 a cabo el pr\u00f3ximo 19 de septiembre a las 11 de la ma\u00f1ana. Apunt\u00f3 que este simulacro de realizar\u00e1 de 8 grados sobre la escala de Richter [&hellip;]<\/p>\n","protected":false},"author":2,"featured_media":2526,"comment_status":"open","ping_status":"open","sticky":false,"template":"","format":"standard","meta":{"footnotes":""},"categories":[1],"tags":[],"class_list":["post-2525","post","type-post","status-publish","format-standard","has-post-thumbnail","hentry","category-sin-categoria"],"_links":{"self":[{"href":"https:\/\/telediarioqueretaro.co\/index.php?rest_route=\/wp\/v2\/posts\/2525","targetHints":{"allow":["GET"]}}],"collection":[{"href":"https:\/\/telediarioqueretaro.co\/index.php?rest_route=\/wp\/v2\/posts"}],"about":[{"href":"https:\/\/telediarioqueretaro.co\/index.php?rest_route=\/wp\/v2\/types\/post"}],"author":[{"embeddable":true,"href":"https:\/\/telediarioqueretaro.co\/index.php?rest_route=\/wp\/v2\/users\/2"}],"replies":[{"embeddable":true,"href":"https:\/\/telediarioqueretaro.co\/index.php?rest_route=%2Fwp%2Fv2%2Fcomments&post=2525"}],"version-history":[{"count":1,"href":"https:\/\/telediarioqueretaro.co\/index.php?rest_route=\/wp\/v2\/posts\/2525\/revisions"}],"predecessor-version":[{"id":2527,"href":"https:\/\/telediarioqueretaro.co\/index.php?rest_route=\/wp\/v2\/posts\/2525\/revisions\/2527"}],"wp:featuredmedia":[{"embeddable":true,"href":"https:\/\/telediarioqueretaro.co\/index.php?rest_route=\/wp\/v2\/media\/2526"}],"wp:attachment":[{"href":"https:\/\/telediarioqueretaro.co\/index.php?rest_route=%2Fwp%2Fv2%2Fmedia&parent=2525"}],"wp:term":[{"taxonomy":"category","embeddable":true,"href":"https:\/\/telediarioqueretaro.co\/index.php?rest_route=%2Fwp%2Fv2%2Fcategories&post=2525"},{"taxonomy":"post_tag","embeddable":true,"href":"https:\/\/telediarioqueretaro.co\/index.php?rest_route=%2Fwp%2Fv2%2Ftags&post=2525"}],"curies":[{"name":"wp","href":"https:\/\/api.w.org\/{rel}","templated":true}]}}