{"id":2531,"date":"2023-08-31T15:00:34","date_gmt":"2023-08-31T15:00:34","guid":{"rendered":"https:\/\/telediarioqueretaro.co\/?p=2531"},"modified":"2023-08-31T15:00:35","modified_gmt":"2023-08-31T15:00:35","slug":"firma-queretaro-adhesion-a-la-declaratoria-de-glasgow-de-la-omt","status":"publish","type":"post","link":"https:\/\/telediarioqueretaro.co\/?p=2531","title":{"rendered":"Firma Quer\u00e9taro Adhesi\u00f3n A La Declaratoria De Glasgow De La OMT"},"content":{"rendered":"\n<figure class=\"wp-block-image size-large\"><img loading=\"lazy\" decoding=\"async\" width=\"1024\" height=\"539\" src=\"https:\/\/telediarioqueretaro.co\/wp-content\/uploads\/2023\/08\/image-63-1024x539.png\" alt=\"\" class=\"wp-image-2532\" srcset=\"https:\/\/telediarioqueretaro.co\/wp-content\/uploads\/2023\/08\/image-63-1024x539.png 1024w, https:\/\/telediarioqueretaro.co\/wp-content\/uploads\/2023\/08\/image-63-300x158.png 300w, https:\/\/telediarioqueretaro.co\/wp-content\/uploads\/2023\/08\/image-63-768x404.png 768w, https:\/\/telediarioqueretaro.co\/wp-content\/uploads\/2023\/08\/image-63.png 1314w\" sizes=\"auto, (max-width: 1024px) 100vw, 1024px\" \/><\/figure>\n\n\n\n<p>La titular de la Secretar\u00eda de Turismo del estado (SECTUR), Adriana Vega V\u00e1zquez Mellado, acudi\u00f3 a la firma de adhesi\u00f3n de los estados de Guerrero, Quintana Roo, Ciudad de M\u00e9xico, Nuevo Le\u00f3n y Quer\u00e9taro a la Declaratoria de Glasgow de la Organizaci\u00f3n Mundial de Turismo (OMT), con lo que se busca acelerar acciones de combate al cambio clim\u00e1tico en el turismo, a trav\u00e9s de compromisos firmes tales como reducir las emisiones de carbono y apoyar los objetivos de desarrollo sostenible en materia tur\u00edstica en la entidad.<\/p>\n\n\n\n<p>Lo anterior se dio en el marco de la realizaci\u00f3n de la 51 Asamblea General de la Asociaci\u00f3n de Secretarios de Turismo de M\u00e9xico (ASETUR), que se llev\u00f3 a cabo en la ciudad de Le\u00f3n, Guanajuato; donde se abord\u00f3 una tem\u00e1tica especial enfocada en la sustentabilidad tur\u00edstica; y donde se cont\u00f3 adem\u00e1s, con la presencia del gobernador del estado de Guanajuato, Diego Sinhue Rodr\u00edguez Vallejo; as\u00ed como la presidenta de la Organizaci\u00f3n Internacional de Turismo Social (OITS), Isabel Novoa; y el director de Desarrollo Sostenible de la OMT, Dirk Glaeseer.<\/p>\n\n\n\n<p><\/p>\n","protected":false},"excerpt":{"rendered":"<p>La titular de la Secretar\u00eda de Turismo del estado (SECTUR), Adriana Vega V\u00e1zquez Mellado, acudi\u00f3 a la firma de adhesi\u00f3n de los estados de Guerrero, Quintana Roo, Ciudad de M\u00e9xico, Nuevo Le\u00f3n y Quer\u00e9taro a la Declaratoria de Glasgow de la Organizaci\u00f3n Mundial de Turismo (OMT), con lo que se [&hellip;]<\/p>\n","protected":false},"author":2,"featured_media":2532,"comment_status":"open","ping_status":"open","sticky":false,"template":"","format":"standard","meta":{"footnotes":""},"categories":[1],"tags":[],"class_list":["post-2531","post","type-post","status-publish","format-standard","has-post-thumbnail","hentry","category-sin-categoria"],"_links":{"self":[{"href":"https:\/\/telediarioqueretaro.co\/index.php?rest_route=\/wp\/v2\/posts\/2531","targetHints":{"allow":["GET"]}}],"collection":[{"href":"https:\/\/telediarioqueretaro.co\/index.php?rest_route=\/wp\/v2\/posts"}],"about":[{"href":"https:\/\/telediarioqueretaro.co\/index.php?rest_route=\/wp\/v2\/types\/post"}],"author":[{"embeddable":true,"href":"https:\/\/telediarioqueretaro.co\/index.php?rest_route=\/wp\/v2\/users\/2"}],"replies":[{"embeddable":true,"href":"https:\/\/telediarioqueretaro.co\/index.php?rest_route=%2Fwp%2Fv2%2Fcomments&post=2531"}],"version-history":[{"count":1,"href":"https:\/\/telediarioqueretaro.co\/index.php?rest_route=\/wp\/v2\/posts\/2531\/revisions"}],"predecessor-version":[{"id":2533,"href":"https:\/\/telediarioqueretaro.co\/index.php?rest_route=\/wp\/v2\/posts\/2531\/revisions\/2533"}],"wp:featuredmedia":[{"embeddable":true,"href":"https:\/\/telediarioqueretaro.co\/index.php?rest_route=\/wp\/v2\/media\/2532"}],"wp:attachment":[{"href":"https:\/\/telediarioqueretaro.co\/index.php?rest_route=%2Fwp%2Fv2%2Fmedia&parent=2531"}],"wp:term":[{"taxonomy":"category","embeddable":true,"href":"https:\/\/telediarioqueretaro.co\/index.php?rest_route=%2Fwp%2Fv2%2Fcategories&post=2531"},{"taxonomy":"post_tag","embeddable":true,"href":"https:\/\/telediarioqueretaro.co\/index.php?rest_route=%2Fwp%2Fv2%2Ftags&post=2531"}],"curies":[{"name":"wp","href":"https:\/\/api.w.org\/{rel}","templated":true}]}}