{"id":2553,"date":"2023-09-03T14:48:21","date_gmt":"2023-09-03T14:48:21","guid":{"rendered":"https:\/\/telediarioqueretaro.co\/?p=2553"},"modified":"2023-09-02T14:49:18","modified_gmt":"2023-09-02T14:49:18","slug":"llega-a-queretaro-el-campamento-panamericano-de-poomsae","status":"publish","type":"post","link":"https:\/\/telediarioqueretaro.co\/?p=2553","title":{"rendered":"Llega A Quer\u00e9taro El Campamento Panamericano De Poomsae"},"content":{"rendered":"\n<figure class=\"wp-block-image size-full\"><img loading=\"lazy\" decoding=\"async\" width=\"892\" height=\"467\" src=\"https:\/\/telediarioqueretaro.co\/wp-content\/uploads\/2023\/09\/image-5.png\" alt=\"\" class=\"wp-image-2554\" srcset=\"https:\/\/telediarioqueretaro.co\/wp-content\/uploads\/2023\/09\/image-5.png 892w, https:\/\/telediarioqueretaro.co\/wp-content\/uploads\/2023\/09\/image-5-300x157.png 300w, https:\/\/telediarioqueretaro.co\/wp-content\/uploads\/2023\/09\/image-5-768x402.png 768w\" sizes=\"auto, (max-width: 892px) 100vw, 892px\" \/><\/figure>\n\n\n\n<p>La directora General del Instituto del Deporte y la Recreaci\u00f3n del Estado de Quer\u00e9taro (INDEREQ), Iridia Salazar Blanco, encabez\u00f3 la ceremonia inaugural del Campamento Panamericano de Taekwondo Poomsae que se celebra en la entidad del 1 al 3 de septiembre.<\/p>\n\n\n\n<p>\u201cUn atleta es un ejemplo a seguir dentro y fuera de las competencias; con este encuentro se generan espacios de aprendizajes y promoci\u00f3n de los valores que conlleva la pr\u00e1ctica del taekwondo modalidad Poomsae\u201d, se\u00f1al\u00f3 Iridia Salazar al dar la bienvenida.<\/p>\n\n\n\n<p>El Poomsae significa \u201cformas\u201d, y es un deporte de apreciaci\u00f3n de combinaciones de movimientos del taekwondo que representan ataques y defensas ante uno o varios oponentes; su pr\u00e1ctica estimula el equilibrio, la coordinaci\u00f3n, sincronizaci\u00f3n y fuerza.<\/p>\n\n\n\n<p>El campamento integra sesiones te\u00f3ricas y pr\u00e1cticas con atletas, entrenadoras, entrenadores y referees de pa\u00edses como Cuba, Corea del Sur, Rep\u00fablica Dominicana, Nicaragua, Costa Rica, Estados Unidos, M\u00e9xico entre otros. En la sesi\u00f3n inaugural se cont\u00f3 con la presencia de Juan Manuel L\u00f3pez Delgado,&nbsp;&nbsp;presidente de la Uni\u00f3n Panamericana de Taekwondo<\/p>\n","protected":false},"excerpt":{"rendered":"<p>La directora General del Instituto del Deporte y la Recreaci\u00f3n del Estado de Quer\u00e9taro (INDEREQ), Iridia Salazar Blanco, encabez\u00f3 la ceremonia inaugural del Campamento Panamericano de Taekwondo Poomsae que se celebra en la entidad del 1 al 3 de septiembre. \u201cUn atleta es un ejemplo a seguir dentro y fuera [&hellip;]<\/p>\n","protected":false},"author":2,"featured_media":2554,"comment_status":"open","ping_status":"open","sticky":false,"template":"","format":"standard","meta":{"footnotes":""},"categories":[1],"tags":[],"class_list":["post-2553","post","type-post","status-publish","format-standard","has-post-thumbnail","hentry","category-sin-categoria"],"_links":{"self":[{"href":"https:\/\/telediarioqueretaro.co\/index.php?rest_route=\/wp\/v2\/posts\/2553","targetHints":{"allow":["GET"]}}],"collection":[{"href":"https:\/\/telediarioqueretaro.co\/index.php?rest_route=\/wp\/v2\/posts"}],"about":[{"href":"https:\/\/telediarioqueretaro.co\/index.php?rest_route=\/wp\/v2\/types\/post"}],"author":[{"embeddable":true,"href":"https:\/\/telediarioqueretaro.co\/index.php?rest_route=\/wp\/v2\/users\/2"}],"replies":[{"embeddable":true,"href":"https:\/\/telediarioqueretaro.co\/index.php?rest_route=%2Fwp%2Fv2%2Fcomments&post=2553"}],"version-history":[{"count":1,"href":"https:\/\/telediarioqueretaro.co\/index.php?rest_route=\/wp\/v2\/posts\/2553\/revisions"}],"predecessor-version":[{"id":2555,"href":"https:\/\/telediarioqueretaro.co\/index.php?rest_route=\/wp\/v2\/posts\/2553\/revisions\/2555"}],"wp:featuredmedia":[{"embeddable":true,"href":"https:\/\/telediarioqueretaro.co\/index.php?rest_route=\/wp\/v2\/media\/2554"}],"wp:attachment":[{"href":"https:\/\/telediarioqueretaro.co\/index.php?rest_route=%2Fwp%2Fv2%2Fmedia&parent=2553"}],"wp:term":[{"taxonomy":"category","embeddable":true,"href":"https:\/\/telediarioqueretaro.co\/index.php?rest_route=%2Fwp%2Fv2%2Fcategories&post=2553"},{"taxonomy":"post_tag","embeddable":true,"href":"https:\/\/telediarioqueretaro.co\/index.php?rest_route=%2Fwp%2Fv2%2Ftags&post=2553"}],"curies":[{"name":"wp","href":"https:\/\/api.w.org\/{rel}","templated":true}]}}