{"id":2568,"date":"2023-09-05T14:29:00","date_gmt":"2023-09-05T14:29:00","guid":{"rendered":"https:\/\/telediarioqueretaro.co\/?p=2568"},"modified":"2023-09-05T13:32:13","modified_gmt":"2023-09-05T13:32:13","slug":"tras-covid-despega-el-sector-aeroespacial","status":"publish","type":"post","link":"https:\/\/telediarioqueretaro.co\/?p=2568","title":{"rendered":"Tras Covid, despega el sector aeroespacial"},"content":{"rendered":"\n<figure class=\"wp-block-image size-full\"><img loading=\"lazy\" decoding=\"async\" width=\"823\" height=\"494\" src=\"https:\/\/telediarioqueretaro.co\/wp-content\/uploads\/2023\/09\/image-10.png\" alt=\"\" class=\"wp-image-2569\" srcset=\"https:\/\/telediarioqueretaro.co\/wp-content\/uploads\/2023\/09\/image-10.png 823w, https:\/\/telediarioqueretaro.co\/wp-content\/uploads\/2023\/09\/image-10-300x180.png 300w, https:\/\/telediarioqueretaro.co\/wp-content\/uploads\/2023\/09\/image-10-768x461.png 768w\" sizes=\"auto, (max-width: 823px) 100vw, 823px\" \/><\/figure>\n\n\n\n<p>Logra crecimiento de doble d\u00edgito e impulsa principalmente la proveedur\u00eda local, se\u00f1ala presidenta del Aerocl\u00faster<\/p>\n\n\n\n<p>El sector aeroespacial en Quer\u00e9taro ha logrado recuperarse del impacto de la pandemia, logrando un crecimientos a doble d\u00edgito, una industria en la que la entidad se sigue destacando a nivel nacional, afirm\u00f3 la presidenta del\u00a0Aerocl\u00faster en Quer\u00e9taro, Ver\u00f3nica Mendez Maga\u00f1a.<\/p>\n\n\n\n<p>La dirigente gremial se\u00f1al\u00f3 que\u00a0el nearshoring y la recuperaci\u00f3n que se ha registrado luego de la pandemia, ha impulsado principalmente la proveedur\u00eda local, donde el Aerocl\u00faster est\u00e1 apoyando en la capacitaci\u00f3n del sector y las empresas proveedoras.<\/p>\n\n\n\n<p><em>\u201cParte de lo que estamos viendo desde el cl\u00faster, cu\u00e1les son los commodities que se necesitan, es decir, cu\u00e1les son los n\u00fameros de parte, qu\u00e9 capacidades tenemos las empresas que estamos, cu\u00e1les otras se pueden sumar, y parte de lo que promovemos es c\u00f3mo convertirte en un proveedor aeroespacial, c\u00f3mo ser parte de la cadena de suministro y apoyar con certificaciones, con informaci\u00f3n pertinente, cuando vienen las empresas de nuevos n\u00fameros de parte y commodities, el Aerocl\u00faster tiene un cat\u00e1logo de lo que ofrecemos y certificaciones que tenemos para saber qu\u00e9 m\u00e1s se necesita\u201d,<\/em>\u00a0explic\u00f3.<\/p>\n\n\n\n<p>Pr\u00e1cticamente\u00a0el 100% de lo que se produce en la entidad se exporta principalmente a Estados Unidos,\u00a0Canad\u00e1 y Europa (Alemania, Francia, Espa\u00f1a), siendo diversos productos y servicios los que se abastecen desde la entidad a la industria aeron\u00e1utica global.<\/p>\n\n\n\n<p><em>\u201cHemos estado creciendo a dobles d\u00edgitos de porcentajes de los requerimientos que est\u00e1bamos teniendo [previo a la pandemia], no nada m\u00e1s ya alcanzamos los n\u00fameros previos a la pandemia, sino crecimientos de dos d\u00edgitos de requerimientos, de n\u00fameros de parte y de productos que ofrecen las empresas que son parte del Aerocl\u00faster<\/em>\u201d, precis\u00f3.<\/p>\n\n\n\n<p>La industria aeron\u00e1utica en Quer\u00e9taro emplea 10 mil trabajadores, de los cuales, el 27% son mujeres y alrededor de 1.43 billones de d\u00f3lares en ventas de empresas integrantes del Aerocl\u00faster de Quer\u00e9taro con m\u00e1s de 335 productos o servicios.<\/p>\n\n\n\n<p><em>\u201cEl punto principal de Quer\u00e9taro es la disponibilidad de talento, que el estado pueda ofrecer todo ese talento que se queda no s\u00f3lo en Quer\u00e9taro, sino en M\u00e9xico y en el mundo de la industria aeroespacial, es un punto importante que hacen a Quer\u00e9taro uno de los puntos principales para la atracci\u00f3n de inversi\u00f3n aeroespacial\u201d,<\/em>&nbsp;dijo.<\/p>\n\n\n\n<p>Al respecto, el secretario de Desarrollo Sustentable (Sedesu) en el estado, Marco Antonio del Prete Tercero, coment\u00f3 que la industria aeroespacial en el estado alberga cerca de 80 compa\u00f1\u00edas, donde Quer\u00e9taro destaca como el primer receptor de inversi\u00f3n extranjera directa en el pa\u00eds relativo a lo aeroespacial, y el cuarto lugar a nivel mundial en inversi\u00f3n del rubro.<\/p>\n","protected":false},"excerpt":{"rendered":"<p>Logra crecimiento de doble d\u00edgito e impulsa principalmente la proveedur\u00eda local, se\u00f1ala presidenta del Aerocl\u00faster El sector aeroespacial en Quer\u00e9taro ha logrado recuperarse del impacto de la pandemia, logrando un crecimientos a doble d\u00edgito, una industria en la que la entidad se sigue destacando a nivel nacional, afirm\u00f3 la presidenta [&hellip;]<\/p>\n","protected":false},"author":2,"featured_media":2569,"comment_status":"open","ping_status":"open","sticky":false,"template":"","format":"standard","meta":{"footnotes":""},"categories":[1],"tags":[],"class_list":["post-2568","post","type-post","status-publish","format-standard","has-post-thumbnail","hentry","category-sin-categoria"],"_links":{"self":[{"href":"https:\/\/telediarioqueretaro.co\/index.php?rest_route=\/wp\/v2\/posts\/2568","targetHints":{"allow":["GET"]}}],"collection":[{"href":"https:\/\/telediarioqueretaro.co\/index.php?rest_route=\/wp\/v2\/posts"}],"about":[{"href":"https:\/\/telediarioqueretaro.co\/index.php?rest_route=\/wp\/v2\/types\/post"}],"author":[{"embeddable":true,"href":"https:\/\/telediarioqueretaro.co\/index.php?rest_route=\/wp\/v2\/users\/2"}],"replies":[{"embeddable":true,"href":"https:\/\/telediarioqueretaro.co\/index.php?rest_route=%2Fwp%2Fv2%2Fcomments&post=2568"}],"version-history":[{"count":1,"href":"https:\/\/telediarioqueretaro.co\/index.php?rest_route=\/wp\/v2\/posts\/2568\/revisions"}],"predecessor-version":[{"id":2570,"href":"https:\/\/telediarioqueretaro.co\/index.php?rest_route=\/wp\/v2\/posts\/2568\/revisions\/2570"}],"wp:featuredmedia":[{"embeddable":true,"href":"https:\/\/telediarioqueretaro.co\/index.php?rest_route=\/wp\/v2\/media\/2569"}],"wp:attachment":[{"href":"https:\/\/telediarioqueretaro.co\/index.php?rest_route=%2Fwp%2Fv2%2Fmedia&parent=2568"}],"wp:term":[{"taxonomy":"category","embeddable":true,"href":"https:\/\/telediarioqueretaro.co\/index.php?rest_route=%2Fwp%2Fv2%2Fcategories&post=2568"},{"taxonomy":"post_tag","embeddable":true,"href":"https:\/\/telediarioqueretaro.co\/index.php?rest_route=%2Fwp%2Fv2%2Ftags&post=2568"}],"curies":[{"name":"wp","href":"https:\/\/api.w.org\/{rel}","templated":true}]}}