{"id":2574,"date":"2023-09-06T12:16:28","date_gmt":"2023-09-06T12:16:28","guid":{"rendered":"https:\/\/telediarioqueretaro.co\/?p=2574"},"modified":"2023-09-06T12:16:28","modified_gmt":"2023-09-06T12:16:28","slug":"enrique-vega-carriles-entrega-la-primer-aula-google-para-reducir-la-brecha-digital-en-el-marques","status":"publish","type":"post","link":"https:\/\/telediarioqueretaro.co\/?p=2574","title":{"rendered":"Enrique Vega Carriles Entrega La Primer \u201cAula Google\u201d Para Reducir La Brecha Digital En El Marqu\u00e9s"},"content":{"rendered":"\n<figure class=\"wp-block-image size-full\"><img loading=\"lazy\" decoding=\"async\" width=\"892\" height=\"470\" src=\"https:\/\/telediarioqueretaro.co\/wp-content\/uploads\/2023\/09\/image-12.png\" alt=\"\" class=\"wp-image-2575\" srcset=\"https:\/\/telediarioqueretaro.co\/wp-content\/uploads\/2023\/09\/image-12.png 892w, https:\/\/telediarioqueretaro.co\/wp-content\/uploads\/2023\/09\/image-12-300x158.png 300w, https:\/\/telediarioqueretaro.co\/wp-content\/uploads\/2023\/09\/image-12-768x405.png 768w\" sizes=\"auto, (max-width: 892px) 100vw, 892px\" \/><\/figure>\n\n\n\n<p>El presidente municipal de El Marqu\u00e9s, Enrique Vega Carriles, acompa\u00f1ado de la secretaria de Educaci\u00f3n del Estado, Martha Elena Soto Obreg\u00f3n, realiz\u00f3 los Honores a la Bandera y la entrega del equipo inform\u00e1tico para laboratorios de c\u00f3mputo, \u00abAula Google\u00bb.<\/p>\n\n\n\n<p>La escuela beneficiada con 40 computadoras, fue la telesecundaria \u00abAhuizotl\u00bb, las cuales servir\u00e1n para complementar los estudios de 570 alumnos del plantel ubicado en la comunidad de Jes\u00fas Mar\u00eda.<\/p>\n\n\n\n<p>El edil marquesino arranc\u00f3 el programa con el fin de cerrar la brecha digital entre estudiantes de educaci\u00f3n b\u00e1sica. Por lo que se busca equipar a 58 escuelas con mil 600 equipos, los cuales podr\u00e1n ser usados por 19 mil 789 alumnos para sus estudios.<\/p>\n\n\n\n<p>\u00abEste es su gobierno, est\u00e1 comprometido con la educaci\u00f3n de los j\u00f3venes de su municipio. Por eso nos empe\u00f1amos en que las escuelas est\u00e9n cada vez mejor (\u2026). Arrancamos en su secundaria un programa dirigido a cerrar la brecha digital entre nuestros estudiantes marquesinos para que nadie se quede atr\u00e1s en la tecnolog\u00eda\u00bb, enfatiz\u00f3 Vega Carriles.<\/p>\n\n\n\n<p>La entrega del equipo se realiz\u00f3 en colaboraci\u00f3n con la secretaria de Educaci\u00f3n, Martha Elena Soto, quien destac\u00f3 que una de las prioridades de Vega Carriles es la educaci\u00f3n, al ser el primero en alzar la mano ante la propuesta de invertir 10 millones de pesos por parte del municipio y 10 millones de pesos por parte de gobierno del estado.<\/p>\n\n\n\n<p>Al evento asistieron Rodrigo Mesa Jim\u00e9nez, secretario del Ayuntamiento; Ayd\u00e9 Espinoza Gonz\u00e1lez, secretaria de Desarrollo Social; Carlos Anaya L\u00f3pez, representante de Google; Casiano Velasco, director del plantel; y Nataly Ch\u00e1vez Monroy, representante de alumnos.<\/p>\n","protected":false},"excerpt":{"rendered":"<p>El presidente municipal de El Marqu\u00e9s, Enrique Vega Carriles, acompa\u00f1ado de la secretaria de Educaci\u00f3n del Estado, Martha Elena Soto Obreg\u00f3n, realiz\u00f3 los Honores a la Bandera y la entrega del equipo inform\u00e1tico para laboratorios de c\u00f3mputo, \u00abAula Google\u00bb. La escuela beneficiada con 40 computadoras, fue la telesecundaria \u00abAhuizotl\u00bb, las [&hellip;]<\/p>\n","protected":false},"author":2,"featured_media":2575,"comment_status":"open","ping_status":"open","sticky":false,"template":"","format":"standard","meta":{"footnotes":""},"categories":[1],"tags":[],"class_list":["post-2574","post","type-post","status-publish","format-standard","has-post-thumbnail","hentry","category-sin-categoria"],"_links":{"self":[{"href":"https:\/\/telediarioqueretaro.co\/index.php?rest_route=\/wp\/v2\/posts\/2574","targetHints":{"allow":["GET"]}}],"collection":[{"href":"https:\/\/telediarioqueretaro.co\/index.php?rest_route=\/wp\/v2\/posts"}],"about":[{"href":"https:\/\/telediarioqueretaro.co\/index.php?rest_route=\/wp\/v2\/types\/post"}],"author":[{"embeddable":true,"href":"https:\/\/telediarioqueretaro.co\/index.php?rest_route=\/wp\/v2\/users\/2"}],"replies":[{"embeddable":true,"href":"https:\/\/telediarioqueretaro.co\/index.php?rest_route=%2Fwp%2Fv2%2Fcomments&post=2574"}],"version-history":[{"count":1,"href":"https:\/\/telediarioqueretaro.co\/index.php?rest_route=\/wp\/v2\/posts\/2574\/revisions"}],"predecessor-version":[{"id":2576,"href":"https:\/\/telediarioqueretaro.co\/index.php?rest_route=\/wp\/v2\/posts\/2574\/revisions\/2576"}],"wp:featuredmedia":[{"embeddable":true,"href":"https:\/\/telediarioqueretaro.co\/index.php?rest_route=\/wp\/v2\/media\/2575"}],"wp:attachment":[{"href":"https:\/\/telediarioqueretaro.co\/index.php?rest_route=%2Fwp%2Fv2%2Fmedia&parent=2574"}],"wp:term":[{"taxonomy":"category","embeddable":true,"href":"https:\/\/telediarioqueretaro.co\/index.php?rest_route=%2Fwp%2Fv2%2Fcategories&post=2574"},{"taxonomy":"post_tag","embeddable":true,"href":"https:\/\/telediarioqueretaro.co\/index.php?rest_route=%2Fwp%2Fv2%2Ftags&post=2574"}],"curies":[{"name":"wp","href":"https:\/\/api.w.org\/{rel}","templated":true}]}}