{"id":26,"date":"2023-03-26T21:22:16","date_gmt":"2023-03-26T21:22:16","guid":{"rendered":"https:\/\/telediarioqueretaro.co\/?p=26"},"modified":"2023-03-26T21:22:17","modified_gmt":"2023-03-26T21:22:17","slug":"anna-ferro-expreso-sus-sentimientos-hacia-su-difunto-esposo-en-un-emotivo-mensaje-jamas-pense-pasarlo-sin-ti","status":"publish","type":"post","link":"https:\/\/telediarioqueretaro.co\/?p=26","title":{"rendered":"Anna Ferro expres\u00f3 sus sentimientos hacia su difunto esposo en un emotivo mensaje: \u201cJam\u00e1s pens\u00e9 pasarlo sin ti\u00bb"},"content":{"rendered":"\n<p>Fernando del Solar falleci\u00f3 apenas tres meses despu\u00e9s de casarse con Anna Ferro.<\/p>\n\n\n\n<figure class=\"wp-block-image size-full\"><img loading=\"lazy\" decoding=\"async\" width=\"451\" height=\"247\" src=\"https:\/\/telediarioqueretaro.co\/wp-content\/uploads\/2023\/03\/1-82.png\" alt=\"\" class=\"wp-image-27\" srcset=\"https:\/\/telediarioqueretaro.co\/wp-content\/uploads\/2023\/03\/1-82.png 451w, https:\/\/telediarioqueretaro.co\/wp-content\/uploads\/2023\/03\/1-82-300x164.png 300w\" sizes=\"auto, (max-width: 451px) 100vw, 451px\" \/><\/figure>\n\n\n\n<p><\/p>\n\n\n\n<p>Fernando del Solar estuvo casado previamente antes de unirse en matrimonio con Anna Ferro.<\/p>\n\n\n\n<p>A m\u00e1s de seis meses del triste fallecimiento del presentador Fernando del Solar, Anna Ferro tuvo que enfrentarse a los recuerdos de su vida con su amado y a lo que podr\u00eda haber sido si \u00e9l estuviera presente. Este fue el primer aniversario de bodas que pas\u00f3 sin su esposo, y la viuda comparti\u00f3 una serie de mensajes en las redes sociales donde record\u00f3 a su pareja y public\u00f3 un video de su boda en la playa en M\u00e9xico.<\/p>\n\n\n\n<p>Aunque ha sido dif\u00edcil para Anna Ferro adaptarse a su nueva vida sin Fernando del Solar, ha expresado que ya no llora tanto por su partida ni por sus fotograf\u00edas, porque sabe que \u00e9l siempre estar\u00e1 con ella y que se reunir\u00e1n de nuevo en el futuro para seguir juntos.<\/p>\n\n\n\n<p>Anna Ferro dedic\u00f3 un mensaje emotivo a su amado junto con algunas fotograf\u00edas de su boda. &#8220;Hace un a\u00f1o a esta hora est\u00e1bamos dici\u00e9ndonos &#8216;s\u00ed&#8217;, nunca imagin\u00e9 pasar mi primer aniversario sin ti. Te amo y s\u00e9 que est\u00e1s conmigo de otra manera, pero mi coraz\u00f3n anhela verte, abrazarte, besarte y amarte. Feliz aniversario, amor&#8221;.<\/p>\n\n\n\n<p>Adem\u00e1s, en honor a Fernando del Solar, Anna disfrut\u00f3 del plato favorito del presentador y tuvo una cena rom\u00e1ntica, como si \u00e9l todav\u00eda estuviera presente. &#8220;Hoy beb\u00ed un lambrusco, compr\u00e9 flores, hice un asado en tu honor y te env\u00edo besos hasta el cielo&#8221;.<\/p>\n","protected":false},"excerpt":{"rendered":"<p>Fernando del Solar falleci\u00f3 apenas tres meses despu\u00e9s de casarse con Anna Ferro. Fernando del Solar estuvo casado previamente antes de unirse en matrimonio con Anna Ferro. A m\u00e1s de seis meses del triste fallecimiento del presentador Fernando del Solar, Anna Ferro tuvo que enfrentarse a los recuerdos de su [&hellip;]<\/p>\n","protected":false},"author":1,"featured_media":37,"comment_status":"open","ping_status":"open","sticky":false,"template":"","format":"standard","meta":{"footnotes":""},"categories":[1],"tags":[],"class_list":["post-26","post","type-post","status-publish","format-standard","has-post-thumbnail","hentry","category-sin-categoria"],"_links":{"self":[{"href":"https:\/\/telediarioqueretaro.co\/index.php?rest_route=\/wp\/v2\/posts\/26","targetHints":{"allow":["GET"]}}],"collection":[{"href":"https:\/\/telediarioqueretaro.co\/index.php?rest_route=\/wp\/v2\/posts"}],"about":[{"href":"https:\/\/telediarioqueretaro.co\/index.php?rest_route=\/wp\/v2\/types\/post"}],"author":[{"embeddable":true,"href":"https:\/\/telediarioqueretaro.co\/index.php?rest_route=\/wp\/v2\/users\/1"}],"replies":[{"embeddable":true,"href":"https:\/\/telediarioqueretaro.co\/index.php?rest_route=%2Fwp%2Fv2%2Fcomments&post=26"}],"version-history":[{"count":1,"href":"https:\/\/telediarioqueretaro.co\/index.php?rest_route=\/wp\/v2\/posts\/26\/revisions"}],"predecessor-version":[{"id":28,"href":"https:\/\/telediarioqueretaro.co\/index.php?rest_route=\/wp\/v2\/posts\/26\/revisions\/28"}],"wp:featuredmedia":[{"embeddable":true,"href":"https:\/\/telediarioqueretaro.co\/index.php?rest_route=\/wp\/v2\/media\/37"}],"wp:attachment":[{"href":"https:\/\/telediarioqueretaro.co\/index.php?rest_route=%2Fwp%2Fv2%2Fmedia&parent=26"}],"wp:term":[{"taxonomy":"category","embeddable":true,"href":"https:\/\/telediarioqueretaro.co\/index.php?rest_route=%2Fwp%2Fv2%2Fcategories&post=26"},{"taxonomy":"post_tag","embeddable":true,"href":"https:\/\/telediarioqueretaro.co\/index.php?rest_route=%2Fwp%2Fv2%2Ftags&post=26"}],"curies":[{"name":"wp","href":"https:\/\/api.w.org\/{rel}","templated":true}]}}