{"id":2614,"date":"2023-09-11T12:34:52","date_gmt":"2023-09-11T12:34:52","guid":{"rendered":"https:\/\/telediarioqueretaro.co\/?p=2614"},"modified":"2023-09-13T12:36:05","modified_gmt":"2023-09-13T12:36:05","slug":"la-fiscalia-general-recibe-reacreditacion-de-su-centro-de-evaluacion-y-control-de-confianza","status":"publish","type":"post","link":"https:\/\/telediarioqueretaro.co\/?p=2614","title":{"rendered":"La Fiscal\u00eda General Recibe Reacreditaci\u00f3n De Su Centro De Evaluaci\u00f3n Y Control De Confianza"},"content":{"rendered":"\n<figure class=\"wp-block-image size-full\"><img loading=\"lazy\" decoding=\"async\" width=\"637\" height=\"458\" src=\"https:\/\/telediarioqueretaro.co\/wp-content\/uploads\/2023\/09\/image-18.png\" alt=\"\" class=\"wp-image-2615\" srcset=\"https:\/\/telediarioqueretaro.co\/wp-content\/uploads\/2023\/09\/image-18.png 637w, https:\/\/telediarioqueretaro.co\/wp-content\/uploads\/2023\/09\/image-18-300x216.png 300w\" sizes=\"auto, (max-width: 637px) 100vw, 637px\" \/><\/figure>\n\n\n\n<p>El Centro de Evaluaci\u00f3n y Control de Confianza de la Fiscal\u00eda General del Estado de Quer\u00e9taro, recibi\u00f3 la reacreditaci\u00f3n, por parte de la Secretar\u00eda de Seguridad y Protecci\u00f3n Ciudadana y el Secretariado Ejecutivo del Sistema Nacional de Seguridad P\u00fablica, del Gobierno de M\u00e9xico.<\/p>\n\n\n\n<p>Con esto, se reconoce que el proceso de evaluaci\u00f3n de control de confianza opera de manera sistem\u00e1tica y articulada; cuenta con la infraestructura, equipamiento y marco normativo requeridos, as\u00ed como los recursos humanos especializados y confiables en apego a la Ley General del Sistema Nacional de Seguridad P\u00fablica, y dem\u00e1s lineamientos, protocolos y normatividad federal.<\/p>\n\n\n\n<p>El Centro de Evaluaci\u00f3n y Control de Confianza de la Fiscal\u00eda General del Estado de Quer\u00e9taro, fue uno de los 13 Centros que recibieron la acreditaci\u00f3n; nuestra entidad destaca como la \u00fanica en el pa\u00eds en el que sus polic\u00edas, fiscales y peritos tienen control de confianza vigente y aprobado. Esta acreditaci\u00f3n es el resultado del compromiso, esfuerzo y el alto grado de especializaci\u00f3n de las y los trabajadores que integran la instituci\u00f3n.<\/p>\n\n\n\n<p>El fortalecimiento de este Centro de Evaluaci\u00f3n, coadyuva en la percepci\u00f3n de confianza que las y los queretanos tienen en sus polic\u00edas investigadores, peritos y fiscales; quienes cuentan con el perfil y aptitudes necesarias para desempe\u00f1ar su cargo en procuraci\u00f3n de justicia de acuerdo a los principios constitucionales y valores institucionales.<\/p>\n","protected":false},"excerpt":{"rendered":"<p>El Centro de Evaluaci\u00f3n y Control de Confianza de la Fiscal\u00eda General del Estado de Quer\u00e9taro, recibi\u00f3 la reacreditaci\u00f3n, por parte de la Secretar\u00eda de Seguridad y Protecci\u00f3n Ciudadana y el Secretariado Ejecutivo del Sistema Nacional de Seguridad P\u00fablica, del Gobierno de M\u00e9xico. Con esto, se reconoce que el proceso [&hellip;]<\/p>\n","protected":false},"author":2,"featured_media":2615,"comment_status":"open","ping_status":"open","sticky":false,"template":"","format":"standard","meta":{"footnotes":""},"categories":[1],"tags":[],"class_list":["post-2614","post","type-post","status-publish","format-standard","has-post-thumbnail","hentry","category-sin-categoria"],"_links":{"self":[{"href":"https:\/\/telediarioqueretaro.co\/index.php?rest_route=\/wp\/v2\/posts\/2614","targetHints":{"allow":["GET"]}}],"collection":[{"href":"https:\/\/telediarioqueretaro.co\/index.php?rest_route=\/wp\/v2\/posts"}],"about":[{"href":"https:\/\/telediarioqueretaro.co\/index.php?rest_route=\/wp\/v2\/types\/post"}],"author":[{"embeddable":true,"href":"https:\/\/telediarioqueretaro.co\/index.php?rest_route=\/wp\/v2\/users\/2"}],"replies":[{"embeddable":true,"href":"https:\/\/telediarioqueretaro.co\/index.php?rest_route=%2Fwp%2Fv2%2Fcomments&post=2614"}],"version-history":[{"count":1,"href":"https:\/\/telediarioqueretaro.co\/index.php?rest_route=\/wp\/v2\/posts\/2614\/revisions"}],"predecessor-version":[{"id":2616,"href":"https:\/\/telediarioqueretaro.co\/index.php?rest_route=\/wp\/v2\/posts\/2614\/revisions\/2616"}],"wp:featuredmedia":[{"embeddable":true,"href":"https:\/\/telediarioqueretaro.co\/index.php?rest_route=\/wp\/v2\/media\/2615"}],"wp:attachment":[{"href":"https:\/\/telediarioqueretaro.co\/index.php?rest_route=%2Fwp%2Fv2%2Fmedia&parent=2614"}],"wp:term":[{"taxonomy":"category","embeddable":true,"href":"https:\/\/telediarioqueretaro.co\/index.php?rest_route=%2Fwp%2Fv2%2Fcategories&post=2614"},{"taxonomy":"post_tag","embeddable":true,"href":"https:\/\/telediarioqueretaro.co\/index.php?rest_route=%2Fwp%2Fv2%2Ftags&post=2614"}],"curies":[{"name":"wp","href":"https:\/\/api.w.org\/{rel}","templated":true}]}}