{"id":2623,"date":"2023-09-12T12:46:16","date_gmt":"2023-09-12T12:46:16","guid":{"rendered":"https:\/\/telediarioqueretaro.co\/?p=2623"},"modified":"2023-09-13T12:51:56","modified_gmt":"2023-09-13T12:51:56","slug":"lx-legislatura-aprueba-la-desincorporacion-de-un-predio-en-favor-de-la-uaq-campus-jalpan","status":"publish","type":"post","link":"https:\/\/telediarioqueretaro.co\/?p=2623","title":{"rendered":"LX Legislatura Aprueba La Desincorporaci\u00f3n De Un Predio En Favor De La UAQ, Campus Jalpan\u00a0"},"content":{"rendered":"\n<figure class=\"wp-block-image size-full\"><img loading=\"lazy\" decoding=\"async\" width=\"762\" height=\"477\" src=\"https:\/\/telediarioqueretaro.co\/wp-content\/uploads\/2023\/09\/image-21.png\" alt=\"\" class=\"wp-image-2624\" srcset=\"https:\/\/telediarioqueretaro.co\/wp-content\/uploads\/2023\/09\/image-21.png 762w, https:\/\/telediarioqueretaro.co\/wp-content\/uploads\/2023\/09\/image-21-300x188.png 300w\" sizes=\"auto, (max-width: 762px) 100vw, 762px\" \/><\/figure>\n\n\n\n<p>En Sesi\u00f3n Ordinaria del Pleno de la LX Legislatura, como primer punto del orden del d\u00eda, fue aprobado el&nbsp;Dictamen de la Comisi\u00f3n de Administraci\u00f3n y Procuraci\u00f3n de Justicia, relativo a la \u201cIniciativa de Ley que reforma y adiciona los Art\u00edculos&nbsp;96 y 148&nbsp;del C\u00f3digo Civil del Estado de Quer\u00e9taro\u201d<strong>,<\/strong>&nbsp;con la finalidad de que no se discrimine a las personas que viven con enfermedades cr\u00f3nicas e incurables, contagiosas o hereditarias y que no se les impida contraer matrimonio derivado de su estado de salud, ya que se les vulnera su derecho fundamental a formar una familia.<\/p>\n\n\n\n<p>Con esta reforma existir\u00e1 la posibilidad de que los contrayentes pueden firmar una carta donde expongan que conocen la o las enfermedades que tiene la otra persona y que conocen sus alcances, pero que quieren formar una familia, \u201cevitando as\u00ed contenidos discriminatorios, estereotipados, estigmatizantes o de discriminaci\u00f3n indirecta y en su lugar, se generan normas progresivas en el pleno reconocimiento y en la m\u00e1s amplia protecci\u00f3n de los derechos fundamentales a partir de la igualdad sustantiva de todas las personas\u201d, se\u00f1ala el dictamen aprobado.&nbsp;<\/p>\n\n\n\n<p>En otro asunto, fue aprobado el&nbsp;Dictamen de la Iniciativa de \u201cDecreto que autoriza al titular del Poder Ejecutivo del Estado a desincorporar del r\u00e9gimen del dominio p\u00fablico el inmueble propiedad del Estado de Quer\u00e9taro&nbsp;con clave catastral 050302201024016, ubicado en el Municipio de Col\u00f3n, Quer\u00e9taro, as\u00ed como la constituci\u00f3n de un fideicomiso p\u00fablico en los t\u00e9rminos que en el mismo se precisan\u201d, presentado por la Comisi\u00f3n de Planeaci\u00f3n y Presupuesto.<\/p>\n\n\n\n<p>Mediante esta aprobaci\u00f3n se autoriza al titular del Poder Ejecutivo estatal o al servidor p\u00fablico que designe, para que, en nombre y representaci\u00f3n del Estado de Quer\u00e9taro, suscriba los instrumentos necesarios para la creaci\u00f3n de un fideicomiso p\u00fablico, a fin de ejecutar, desarrollar, construir y operar el proyecto denominado \u201cComplejo Data Centers Col\u00f3n\u201d, as\u00ed como los dem\u00e1s instrumentos que se suscriban y deriven del mismo. De acuerdo al Dictamen, la ejecuci\u00f3n del proyecto Complejo Data Centers Col\u00f3n permitir\u00e1 la atracci\u00f3n de inversiones adicionales, ya que requiere la formaci\u00f3n de empleos altamente calificados y el desarrollo de cadena de suministros relacionados con su operaci\u00f3n, generando as\u00ed oportunidades laborales en servicios conexos y un efecto multiplicador en diversos sectores, propiciando por ende el crecimiento de la econom\u00eda local.<\/p>\n\n\n\n<p>Tambi\u00e9n fue aprobado el&nbsp;Dictamen de la Comisi\u00f3n de Planeaci\u00f3n y Presupuesto referente a la \u201cIniciativa de desincorporaci\u00f3n de un predio en favor de la Universidad Aut\u00f3noma de Quer\u00e9taro (UAQ), Campus Jalpan\u201d<strong>,&nbsp;<\/strong>el cualdeber\u00e1 destinar para fortalecer la impartici\u00f3n de educaci\u00f3n, a fin de seguir brindando el servicio de la ense\u00f1anza en beneficio de la poblaci\u00f3n de la regi\u00f3n serrana. Para ello tendr\u00e1 un plazo de tres a\u00f1os.<\/p>\n\n\n\n<p>Esta Legislatura estima oportuno autorizar la enajenaci\u00f3n de dicho inmueble a favor de la Universidad Aut\u00f3noma de Quer\u00e9taro, a fin de que esta tenga la certeza de jur\u00eddica de la propiedad, para as\u00ed fortalecer y dar continuidad a los servicios educativos que brindan sus facultades, &nbsp;beneficiando con educaci\u00f3n de calidad a las personas de la sierra queretana.<\/p>\n\n\n\n<p>Asimismo, las diputadas y diputados aprobaron el&nbsp;Dictamen de la \u201cIniciativa de Decreto que autoriza la&nbsp;desincorporaci\u00f3n y enajenaci\u00f3n a favor del Colegio de Estudios Cient\u00edficos y Tecnol\u00f3gicos del Estado de Quer\u00e9taro (CECYTEQ), a t\u00edtulo gratuito, del inmueble propiedad del municipio de Pe\u00f1amiller\u201d, tambi\u00e9n presentado por la Comisi\u00f3n de Planeaci\u00f3n y Presupuesto.<\/p>\n\n\n\n<p>Este inmueble, cuya desincorporaci\u00f3n y enajenaci\u00f3n se autoriza, deber\u00e1 ser destinado por el CECYTEQ para la fortalecer la impartici\u00f3n de educaci\u00f3n y seguir brindando el servicio a la poblaci\u00f3n de dicho municipio, para que tenga acceso a servicios educativos de calidad. Para ello tendr\u00e1 un plazo de tres a\u00f1os.<\/p>\n\n\n\n<p>Dentro de la sesi\u00f3n tambi\u00e9n fue aprobado el&nbsp;Dictamen de la Comisi\u00f3n de Desarrollo Urbano, Obras P\u00fablicas y Comunicaciones, relativo a la \u201cIniciativa de Acuerdo por el que se exhorta a la Secretar\u00eda de Infraestructura, Comunicaciones y Transportes, as\u00ed como a la Guardia Nacional, a efecto de que se realicen las acciones necesarias para incrementar la seguridad en las carreteras de Jurisdicci\u00f3n Federal en Quer\u00e9taro\u201d y de la&nbsp;\u201cIniciativa de Acuerdo por el que se Exhorta a la Secretar\u00eda de Infraestructura, Comunicaciones y Transportes, a Caminos y Puentes Federales,&nbsp;a efecto de socializar las obras en la carretera 57 y proponer alternativas de tr\u00e1nsito\u201d&nbsp;<\/p>\n\n\n\n<p>Con este exhorto se busca que dichas instancias, en el \u00e1mbito de sus atribuciones, consideren de forma prioritaria la ejecuci\u00f3n de medidas necesarias para la reducci\u00f3n de accidentes en la carretera 57, implementando adem\u00e1s el operativo \u201ccarrusel\u201d, a fin de disuadir a los conductores para que no excedan la velocidad permitida, verificando adem\u00e1s el peso y dimensiones de sus veh\u00edculos, con el objeto de disminuir los hechos de tr\u00e1nsito y el congestionamiento vial en la carretera federal. Tambi\u00e9n para que se socialicen las obras y se implementen acciones a efecto de brindar a la ciudadan\u00eda m\u00e1s opciones de movilidad, en tanto se terminan las reparaciones y remodelaciones en el tramo M\u00e9xico-Quer\u00e9taro de la Carretera Federal 57, particularmente entre San Juan del R\u00edo y la capital del estado.<\/p>\n\n\n\n<p>De igual forma el Pleno aprob\u00f3 el&nbsp;Dictamen de la Comisi\u00f3n de Administraci\u00f3n y Procuraci\u00f3n de Justicia concerniente a la &nbsp;\u201cIniciativa de Acuerdo por el que se exhorta respetuosamente al titular del Poder Ejecutivo Federal, para que, a la brevedad posible, a trav\u00e9s de la Secretar\u00eda de Relaciones Exteriores, lleve a cabo todos los tr\u00e1mites necesarios para la adhesi\u00f3n de M\u00e9xico al convenio sobre la ciberdelincuencia del Consejo de Europa, com\u00fanmente conocido como Convenio de Budapest, con el prop\u00f3sito de contar con un est\u00e1ndar internacional vinculante en materia penal que permita prevenir, investigar y sancionar los ciberdelitos en materia de pornograf\u00eda infantil\u201d.<\/p>\n\n\n\n<p>Esta Legislatura considera necesario e importante este exhorto al titular del Poder Ejecutivo Federal, ya que la adhesi\u00f3n a este Convenio lograr\u00eda implementar un marco inicial para brindar herramientas para que las autoridades competentes realicen investigaciones y sancionen adecuadamente la ciberdelincuencia. Tambi\u00e9n garantizar\u00eda la protecci\u00f3n de los derechos humanos y las libertades, de acuerdo con los documentos internacionales actuales, reconociendo las distintas formas de vivir, las violencias entre generaciones y entre g\u00e9neros, brindar\u00eda mecanismos flexibles para evitar conflictos jurisdiccionales a nivel internacional sobre la materia.<\/p>\n\n\n\n<p>Para concluir los asuntos agendados dentro de la sesi\u00f3n, se dio cuenta del&nbsp;Acuerdo por el que la Comisi\u00f3n de Seguimiento de la Agenda 2030 de la LX Legislatura&nbsp;establece el formato para reponer el procedimiento relativo a la Solicitud de Jubilaci\u00f3n a favor del C. Agust\u00edn Ignacio Navarro Carrillo, aprob\u00e1ndose el Dictamen correspondiente.<\/p>\n\n\n\n<p>En asuntos generales&nbsp;hizo uso de la voz el diputado Antonio Zapata Guerrero con relaci\u00f3n a lo resuelto por la Primera Sala de la Suprema Corte de Justicia de la Naci\u00f3n, el pasado 6 de septiembre, en torno al aborto. De igual forma intervino la diputada Andrea Tovar para hechos y exponer su posicionamiento a este respecto.<\/p>\n","protected":false},"excerpt":{"rendered":"<p>En Sesi\u00f3n Ordinaria del Pleno de la LX Legislatura, como primer punto del orden del d\u00eda, fue aprobado el&nbsp;Dictamen de la Comisi\u00f3n de Administraci\u00f3n y Procuraci\u00f3n de Justicia, relativo a la \u201cIniciativa de Ley que reforma y adiciona los Art\u00edculos&nbsp;96 y 148&nbsp;del C\u00f3digo Civil del Estado de Quer\u00e9taro\u201d,&nbsp;con la finalidad [&hellip;]<\/p>\n","protected":false},"author":2,"featured_media":2624,"comment_status":"open","ping_status":"open","sticky":false,"template":"","format":"standard","meta":{"footnotes":""},"categories":[1],"tags":[],"class_list":["post-2623","post","type-post","status-publish","format-standard","has-post-thumbnail","hentry","category-sin-categoria"],"_links":{"self":[{"href":"https:\/\/telediarioqueretaro.co\/index.php?rest_route=\/wp\/v2\/posts\/2623","targetHints":{"allow":["GET"]}}],"collection":[{"href":"https:\/\/telediarioqueretaro.co\/index.php?rest_route=\/wp\/v2\/posts"}],"about":[{"href":"https:\/\/telediarioqueretaro.co\/index.php?rest_route=\/wp\/v2\/types\/post"}],"author":[{"embeddable":true,"href":"https:\/\/telediarioqueretaro.co\/index.php?rest_route=\/wp\/v2\/users\/2"}],"replies":[{"embeddable":true,"href":"https:\/\/telediarioqueretaro.co\/index.php?rest_route=%2Fwp%2Fv2%2Fcomments&post=2623"}],"version-history":[{"count":2,"href":"https:\/\/telediarioqueretaro.co\/index.php?rest_route=\/wp\/v2\/posts\/2623\/revisions"}],"predecessor-version":[{"id":2629,"href":"https:\/\/telediarioqueretaro.co\/index.php?rest_route=\/wp\/v2\/posts\/2623\/revisions\/2629"}],"wp:featuredmedia":[{"embeddable":true,"href":"https:\/\/telediarioqueretaro.co\/index.php?rest_route=\/wp\/v2\/media\/2624"}],"wp:attachment":[{"href":"https:\/\/telediarioqueretaro.co\/index.php?rest_route=%2Fwp%2Fv2%2Fmedia&parent=2623"}],"wp:term":[{"taxonomy":"category","embeddable":true,"href":"https:\/\/telediarioqueretaro.co\/index.php?rest_route=%2Fwp%2Fv2%2Fcategories&post=2623"},{"taxonomy":"post_tag","embeddable":true,"href":"https:\/\/telediarioqueretaro.co\/index.php?rest_route=%2Fwp%2Fv2%2Ftags&post=2623"}],"curies":[{"name":"wp","href":"https:\/\/api.w.org\/{rel}","templated":true}]}}