{"id":2721,"date":"2023-09-27T12:36:54","date_gmt":"2023-09-27T12:36:54","guid":{"rendered":"https:\/\/telediarioqueretaro.co\/?p=2721"},"modified":"2023-09-27T12:36:54","modified_gmt":"2023-09-27T12:36:54","slug":"arranca-segunda-convocatoria-2023-de-tarifa-unidos","status":"publish","type":"post","link":"https:\/\/telediarioqueretaro.co\/?p=2721","title":{"rendered":"Arranca Segunda Convocatoria 2023 De Tarifa UniDos"},"content":{"rendered":"\n<figure class=\"wp-block-image size-full\"><img loading=\"lazy\" decoding=\"async\" width=\"635\" height=\"455\" src=\"https:\/\/telediarioqueretaro.co\/wp-content\/uploads\/2023\/09\/image-46.png\" alt=\"\" class=\"wp-image-2722\" srcset=\"https:\/\/telediarioqueretaro.co\/wp-content\/uploads\/2023\/09\/image-46.png 635w, https:\/\/telediarioqueretaro.co\/wp-content\/uploads\/2023\/09\/image-46-300x215.png 300w\" sizes=\"auto, (max-width: 635px) 100vw, 635px\" \/><\/figure>\n\n\n\n<p>Este 26 de septiembre arranc\u00f3 la segunda convocatoria 2023 de la Tarifa UniDos, con la que adultos mayores, personas con discapacidad y estudiantes de escuelas p\u00fablicas y privadas podr\u00e1n pagar dos pesos al usar el transporte p\u00fablico. Las y los interesados deber\u00e1n realizar su tr\u00e1mite a partir de esta fecha y hasta el 03 de diciembre; y para acceder a este beneficio es necesario contar con la tarjeta preferente.<\/p>\n\n\n\n<p>El director general de la Agencia de Movilidad del Estado de Quer\u00e9taro (AMEQ), Gerardo Cuanalo Santos, record\u00f3 que todos las y los estudiantes deben realizar su proceso de renovaci\u00f3n desde la aplicaci\u00f3n Qrob\u00fas, pues de esta forma se mantiene actualizado el padr\u00f3n de beneficiarios y se garantiza que contin\u00faen pagando dos pesos en su transporte p\u00fablico. Las y los estudiantes que se registren por primera vez tambi\u00e9n podr\u00e1n realizar el tr\u00e1mite desde la app Qrob\u00fas.<\/p>\n\n\n\n<p>\u201cHacemos una atenta invitaci\u00f3n a los estudiantes a que cumplan con su renovaci\u00f3n para no perder este beneficio. Hemos trabajado para que el tr\u00e1mite sea m\u00e1s \u00e1gil gracias a la aplicaci\u00f3n Qrob\u00fas, sin necesidad de hacer filas\u201d, manifest\u00f3.<\/p>\n\n\n\n<p>Igualmente, las y los adultos mayores y personas con discapacidad que ya son beneficiarios de la Tarifa UniDos no deben realizar ning\u00fan tr\u00e1mite. Cuanalo Santos destac\u00f3 que esta convocatoria durar\u00e1 m\u00e1s de dos meses, por lo que invit\u00f3 a los interesados a hacer su tr\u00e1mite ahora, ya que de esta forma podr\u00e1n disfrutar de la tarifa preferente m\u00e1s baja del pa\u00eds.<\/p>\n\n\n\n<p>Para realizar la renovaci\u00f3n de datos los usuarios deber\u00e1n ingresar a su aplicaci\u00f3n Qrob\u00fas, posteriormente dar click en el bot\u00f3n \u201cCartera\u201d y presionar \u201cAgregar Tarjeta\u201d. Los interesados deber\u00e1n seleccionar entre las distintas opciones de usuarios preferentes, dar click en \u201cAplicar a la Tarifa Unidos\u201d, y completar los campos con la informaci\u00f3n solicitada.<\/p>\n\n\n\n<p>Una vez concluido el formulario deber\u00e1n cargar en formato JPG o PDF su documentaci\u00f3n. Al finalizar recibir\u00e1n un mensaje de confirmaci\u00f3n, desde la aplicaci\u00f3n podr\u00e1n dar seguimiento a su tr\u00e1mite y, en caso de ser necesario, realizar la correcci\u00f3n de sus documentos.<\/p>\n\n\n\n<p>Las y los usuarios preferentes que realicen su tr\u00e1mite por primera ocasi\u00f3n podr\u00e1n seguir los mismos pasos en la aplicaci\u00f3n Qrob\u00fas, y se les informar\u00e1 el d\u00eda, hora y lugar donde acudir para recoger su tarjeta preferente. Los documentos que deber\u00e1n compartir seg\u00fan el tipo de usuario son los siguientes:<\/p>\n\n\n\n<figure class=\"wp-block-table\"><table><tbody><tr><td><strong>Tipo de usuario<\/strong><\/td><td><strong>Requisitos<\/strong><\/td><\/tr><tr><td>Estudiante<\/td><td>Curp con c\u00f3digo QR, Identificaci\u00f3n oficial, comprobante de domicilio, constancia de estudios.<\/td><\/tr><tr><td>Persona con discapacidad<\/td><td>Curp con c\u00f3digo QR, Identificaci\u00f3n oficial, comprobante de domicilio, constancia de discapacidad.<\/td><\/tr><tr><td>Adulto Mayor<\/td><td>Curp con c\u00f3digo QR, Identificaci\u00f3n oficial, comprobante de domicilio.<\/td><\/tr><\/tbody><\/table><\/figure>\n\n\n\n<p>De igual modo, adultos mayores y personas con discapacidad podr\u00e1n acudir de manera presencial a los siguientes m\u00f3dulos para realizar su tr\u00e1mite:<\/p>\n\n\n\n<figure class=\"wp-block-table\"><table><tbody><tr><td><strong>Centro de atenci\u00f3n<\/strong><\/td><td><strong>Horario<\/strong><\/td><\/tr><tr><td>Oficinas AMEQ<\/td><td>Lunes a viernes de 8:00 a.m. a 4:00 p.m.&nbsp;S\u00e1bado de 9:00 a.m. a 2:00 p.m.<\/td><\/tr><tr><td>Estaci\u00f3n Balvanera<\/td><td>Lunes a viernes de 10:00 a.m. a 6:00 p.m.&nbsp;S\u00e1bado de 9:00 a.m. a 2:00 p.m.<\/td><\/tr><tr><td>CRIQ<\/td><td>Lunes a viernes de 9:00 a.m. a 2:00 p.m.<\/td><\/tr><tr><td>Delegaci\u00f3n Epigmenio Gonz\u00e1lez<\/td><td>Lunes a viernes de 8:00 a.m. a 3:30 p.m.&nbsp;S\u00e1bado de 9:00 a.m. a 2:00 p.m.<\/td><\/tr><tr><td>Delegaci\u00f3n F\u00e9lix Osores<\/td><td>Lunes a viernes de 8:00 a.m. a 3:30 p.m.&nbsp;S\u00e1bado de 9:00 a.m. a 1:00 p.m.<\/td><\/tr><tr><td>Delegaci\u00f3n Felipe Carrillo, Josefa Vergara, Santa Rosa J\u00e1uregui y Cayetano Rubio<\/td><td>Lunes a viernes de 8:00 a.m. a 3:30 p.m.<\/td><\/tr><\/tbody><\/table><\/figure>\n\n\n\n<p>Otras alternativas para realizar el tr\u00e1mite de la Tarifa UniDos es el sitio\u00a0https:\/\/sit.ameq.gob.mx\/\u00a0donde podr\u00e1 completar el formulario y cargar sus documentos, as\u00ed como a trav\u00e9s del Chatbot de la AMEQ, v\u00eda WhatsApp, al tel\u00e9fono 446 133 1125.<\/p>\n\n\n\n<p>Actualmente 47 mil 625 adultos mayores, 23 mil 549 estudiantes y cuatro mil 989 personas con discapacidad son beneficiarios de la Tarifa UniDos.<\/p>\n","protected":false},"excerpt":{"rendered":"<p>Este 26 de septiembre arranc\u00f3 la segunda convocatoria 2023 de la Tarifa UniDos, con la que adultos mayores, personas con discapacidad y estudiantes de escuelas p\u00fablicas y privadas podr\u00e1n pagar dos pesos al usar el transporte p\u00fablico. Las y los interesados deber\u00e1n realizar su tr\u00e1mite a partir de esta fecha [&hellip;]<\/p>\n","protected":false},"author":2,"featured_media":2722,"comment_status":"open","ping_status":"open","sticky":false,"template":"","format":"standard","meta":{"footnotes":""},"categories":[1],"tags":[],"class_list":["post-2721","post","type-post","status-publish","format-standard","has-post-thumbnail","hentry","category-sin-categoria"],"_links":{"self":[{"href":"https:\/\/telediarioqueretaro.co\/index.php?rest_route=\/wp\/v2\/posts\/2721","targetHints":{"allow":["GET"]}}],"collection":[{"href":"https:\/\/telediarioqueretaro.co\/index.php?rest_route=\/wp\/v2\/posts"}],"about":[{"href":"https:\/\/telediarioqueretaro.co\/index.php?rest_route=\/wp\/v2\/types\/post"}],"author":[{"embeddable":true,"href":"https:\/\/telediarioqueretaro.co\/index.php?rest_route=\/wp\/v2\/users\/2"}],"replies":[{"embeddable":true,"href":"https:\/\/telediarioqueretaro.co\/index.php?rest_route=%2Fwp%2Fv2%2Fcomments&post=2721"}],"version-history":[{"count":1,"href":"https:\/\/telediarioqueretaro.co\/index.php?rest_route=\/wp\/v2\/posts\/2721\/revisions"}],"predecessor-version":[{"id":2723,"href":"https:\/\/telediarioqueretaro.co\/index.php?rest_route=\/wp\/v2\/posts\/2721\/revisions\/2723"}],"wp:featuredmedia":[{"embeddable":true,"href":"https:\/\/telediarioqueretaro.co\/index.php?rest_route=\/wp\/v2\/media\/2722"}],"wp:attachment":[{"href":"https:\/\/telediarioqueretaro.co\/index.php?rest_route=%2Fwp%2Fv2%2Fmedia&parent=2721"}],"wp:term":[{"taxonomy":"category","embeddable":true,"href":"https:\/\/telediarioqueretaro.co\/index.php?rest_route=%2Fwp%2Fv2%2Fcategories&post=2721"},{"taxonomy":"post_tag","embeddable":true,"href":"https:\/\/telediarioqueretaro.co\/index.php?rest_route=%2Fwp%2Fv2%2Ftags&post=2721"}],"curies":[{"name":"wp","href":"https:\/\/api.w.org\/{rel}","templated":true}]}}