{"id":2789,"date":"2023-10-11T13:23:21","date_gmt":"2023-10-11T13:23:21","guid":{"rendered":"https:\/\/telediarioqueretaro.co\/?p=2789"},"modified":"2023-10-11T14:45:42","modified_gmt":"2023-10-11T14:45:42","slug":"se-concreta-la-integracion-de-15-jovenes-a-la-empresa-cleveland-die-bajo-el-esquema-de-educacion-dual","status":"publish","type":"post","link":"https:\/\/telediarioqueretaro.co\/?p=2789","title":{"rendered":"Se Concreta La Integraci\u00f3n De 15 J\u00f3venes A La Empresa CLEVELAND DIE, Bajo El Esquema De Educaci\u00f3n Dual."},"content":{"rendered":"\n<figure class=\"wp-block-image size-large\"><img loading=\"lazy\" decoding=\"async\" width=\"1024\" height=\"543\" src=\"https:\/\/telediarioqueretaro.co\/wp-content\/uploads\/2023\/10\/image-14-1024x543.png\" alt=\"\" class=\"wp-image-2790\" srcset=\"https:\/\/telediarioqueretaro.co\/wp-content\/uploads\/2023\/10\/image-14-1024x543.png 1024w, https:\/\/telediarioqueretaro.co\/wp-content\/uploads\/2023\/10\/image-14-300x159.png 300w, https:\/\/telediarioqueretaro.co\/wp-content\/uploads\/2023\/10\/image-14-768x407.png 768w, https:\/\/telediarioqueretaro.co\/wp-content\/uploads\/2023\/10\/image-14.png 1210w\" sizes=\"auto, (max-width: 1024px) 100vw, 1024px\" \/><\/figure>\n\n\n\n<p>Con el fin de seguir fomentando la Educaci\u00f3n Dual, el director general del Colegio de Estudios Cient\u00edficos y Tecnol\u00f3gicos del Estado de Quer\u00e9taro (CECyTEQ), David Chaparro Aguilar, y el gerente general de CLEVELAND DIE Quer\u00e9taro S.A. de C. V. Juan Carlos Briones \u00c1vila atestiguaron la firma de convenios mediante los cuales se formaliza la integraci\u00f3n, a esta empresa, de 15 j\u00f3venes dentro de este programa.<\/p>\n\n\n\n<p>Mediante estos acuerdos la empresa integrar\u00e1 a su plantilla a 15 estudiantes de quinto semestre de tres planteles: Tinaja de la Estancia, 4 estudiantes de Electromec\u00e1nica; del plantel Quer\u00e9taro, 2 estudiantes de Mantenimiento Industrial y del plantel Corregidora 2 estudiantes de Log\u00edstica y 7 de Mecatr\u00f3nica.<\/p>\n\n\n\n<p>Quienes iniciar\u00e1n su formaci\u00f3n dentro de la empresa por cuatro d\u00edas a la semana a partir del 6 de octubre del 2023, mismos que se integran en los puestos de aprendizaje de: Cadena de Suministro, Dise\u00f1o, Mantenimiento y Taller de Herramientas.<\/p>\n\n\n\n<p>En su participaci\u00f3n el director de CECyTEQ, David Chaparro Aguilar, enfatiz\u00f3 que esta firma de convenios es el resultado de un gran esfuerzo por parte de los equipos de trabajo de los planteles y de la direcci\u00f3n en conjunto con la empresa Trabajo Experto, as\u00ed mismo valor\u00f3 que CLEVELAND DIE de espacio para estos j\u00f3venes bajo este modelo, lo que habla, dijo de la visi\u00f3n de futuro ya que una vez que los j\u00f3venes terminen su formaci\u00f3n podr\u00edan ser contratados y con la posibilidad de continuar sus estudios.<\/p>\n\n\n\n<p>Por su parte el gerente general de CLEVELAND DIE, Juan Carlos Briones \u00c1vila se\u00f1al\u00f3 que es una gran oportunidad para la empresa de integrar gente joven y formarla y moldearla dentro de la cultura de la empresa y es una gran oportunidad tambi\u00e9n para las y los j\u00f3venes de ir combinando la teor\u00eda que ven en las aulas e integrarla y combinarla con la parte t\u00e9cnica lo que conlleva una gran responsabilidad para los j\u00f3venes y para la empresa.<\/p>\n\n\n\n<p>En su oportunidad el director general de Trabajo Experto, Nemesio Arriola Ram\u00edrez enfatiz\u00f3 que esto es apostar a la innovaci\u00f3n en la gesti\u00f3n de talento por pate de la empresa CLEVELAND DIE y por la inclusi\u00f3n laboral del talento joven.<\/p>\n\n\n\n<p>\u201cEstamos muy agradecidos por contar con aliados como el CECyTEQ que ha integrado y promovido a j\u00f3venes de tres planteles diferentes en total 15 aprendices de carreras diferentes a una velocidad que demanda el mercado laboral, para nosotros es un privilegio servir como vinculadores e implementadores de estos programas para beneficio de los aprendices, de los planteles y la empresa\u201d, subray\u00f3.<\/p>\n\n\n\n<p>El CECyTEQ desde 2015 implementa el esquema de Educaci\u00f3n Dual, en el cual los estudiantes pasan de uno a dos a\u00f1os haciendo pr\u00e1cticas reales en las empresas para as\u00ed fortalecer habilidades y capacidades t\u00e9cnicas, poniendo en pr\u00e1ctica el aprendizaje del aula.<\/p>\n\n\n\n<p>La empresa estadounidense Cleveland Die Quer\u00e9taro S.A. de C.V. se ubica en el Parque Industrial Balvanera y se dedica a dise\u00f1o, ingenier\u00eda, tooling y fabricaci\u00f3n de herramentales con la producci\u00f3n de partes troqueladas y procesos de ensamble y acabados y es proveedora de clase mundial para la industria automotriz.<\/p>\n\n\n\n<p>Con esta firma de convenios la empresa brindar\u00e1 a los estudiantes: equipo de protecci\u00f3n personal, uniforme, y un apoyo econ\u00f3mico mensual. Desde el 2015 el CECyTEQ ha incorporado 262 estudiantes en 45 empresas del estado y la regi\u00f3n.<\/p>\n\n\n\n<p>De la empresa Cleveland Die Quer\u00e9taro SA de CV participaron la gerente de Gesti\u00f3n de Talento, Susana Sosa \u00c1lvarez y la coordinadora de Reclutamiento, Mar\u00eda Guadalupe Guzm\u00e1n D\u00edaz. De Trabajo Experto la gerente general, Mar\u00eda Jos\u00e9 Mart\u00ednez Ocadiz y la coordinadora de Operaciones, Jocelyn Nohem\u00ed Garc\u00eda P\u00e9rez.<\/p>\n\n\n\n<p>Del CECyTEQ, el director acad\u00e9mico, Ranferi Pe\u00f1aloza Duarte, la Coordinadora de Educaci\u00f3n Dual, Dulce Cisneros Fuentes, los directores de los planteles Corregidora, Sergio Rodr\u00edguez Z\u00fa\u00f1iga; la subdirectora Mayte Rodr\u00edguez; de Tinaja de la Estancia, Luis Ram\u00edrez Gonz\u00e1lez y del plantel Cerrito Colorado, Luz Griselda Nieto Hern\u00e1ndez, as\u00ed como las mam\u00e1s y pap\u00e1s de las y los j\u00f3venes estudiantes.<\/p>\n","protected":false},"excerpt":{"rendered":"<p>Con el fin de seguir fomentando la Educaci\u00f3n Dual, el director general del Colegio de Estudios Cient\u00edficos y Tecnol\u00f3gicos del Estado de Quer\u00e9taro (CECyTEQ), David Chaparro Aguilar, y el gerente general de CLEVELAND DIE Quer\u00e9taro S.A. de C. V. Juan Carlos Briones \u00c1vila atestiguaron la firma de convenios mediante los [&hellip;]<\/p>\n","protected":false},"author":2,"featured_media":2790,"comment_status":"open","ping_status":"open","sticky":false,"template":"","format":"standard","meta":{"footnotes":""},"categories":[1],"tags":[],"class_list":["post-2789","post","type-post","status-publish","format-standard","has-post-thumbnail","hentry","category-sin-categoria"],"_links":{"self":[{"href":"https:\/\/telediarioqueretaro.co\/index.php?rest_route=\/wp\/v2\/posts\/2789","targetHints":{"allow":["GET"]}}],"collection":[{"href":"https:\/\/telediarioqueretaro.co\/index.php?rest_route=\/wp\/v2\/posts"}],"about":[{"href":"https:\/\/telediarioqueretaro.co\/index.php?rest_route=\/wp\/v2\/types\/post"}],"author":[{"embeddable":true,"href":"https:\/\/telediarioqueretaro.co\/index.php?rest_route=\/wp\/v2\/users\/2"}],"replies":[{"embeddable":true,"href":"https:\/\/telediarioqueretaro.co\/index.php?rest_route=%2Fwp%2Fv2%2Fcomments&post=2789"}],"version-history":[{"count":1,"href":"https:\/\/telediarioqueretaro.co\/index.php?rest_route=\/wp\/v2\/posts\/2789\/revisions"}],"predecessor-version":[{"id":2791,"href":"https:\/\/telediarioqueretaro.co\/index.php?rest_route=\/wp\/v2\/posts\/2789\/revisions\/2791"}],"wp:featuredmedia":[{"embeddable":true,"href":"https:\/\/telediarioqueretaro.co\/index.php?rest_route=\/wp\/v2\/media\/2790"}],"wp:attachment":[{"href":"https:\/\/telediarioqueretaro.co\/index.php?rest_route=%2Fwp%2Fv2%2Fmedia&parent=2789"}],"wp:term":[{"taxonomy":"category","embeddable":true,"href":"https:\/\/telediarioqueretaro.co\/index.php?rest_route=%2Fwp%2Fv2%2Fcategories&post=2789"},{"taxonomy":"post_tag","embeddable":true,"href":"https:\/\/telediarioqueretaro.co\/index.php?rest_route=%2Fwp%2Fv2%2Ftags&post=2789"}],"curies":[{"name":"wp","href":"https:\/\/api.w.org\/{rel}","templated":true}]}}