{"id":280,"date":"2023-04-03T15:04:27","date_gmt":"2023-04-03T15:04:27","guid":{"rendered":"https:\/\/telediarioqueretaro.co\/?p=280"},"modified":"2023-04-03T15:04:27","modified_gmt":"2023-04-03T15:04:27","slug":"santiago-nieto-nego-actos-anticipados-de-campana-en-queretaro","status":"publish","type":"post","link":"https:\/\/telediarioqueretaro.co\/?p=280","title":{"rendered":"Santiago Nieto neg\u00f3 actos anticipados de campa\u00f1a en Quer\u00e9taro"},"content":{"rendered":"\n<p>El encargado de despacho de la procuradur\u00eda de Hidalgo afirma que los eventos para presentar el libro de Marcelo Ebrard es un acto de libertad de expresi\u00f3n<\/p>\n\n\n\n<p>Santiago Nieto Castillo, encargado de despacho de la Procuradur\u00eda de Hidalgo, rechaz\u00f3 que est\u00e9 realizando actos anticipados de campa\u00f1a en Quer\u00e9taro, entidad en la que se le menciona como posible aspirante a la candidatura para senador de la Rep\u00fablica por Morena.<\/p>\n\n\n\n<figure class=\"wp-block-image size-full\"><img loading=\"lazy\" decoding=\"async\" width=\"607\" height=\"436\" src=\"https:\/\/telediarioqueretaro.co\/wp-content\/uploads\/2023\/04\/Screenshot_1-1.png\" alt=\"\" class=\"wp-image-281\" srcset=\"https:\/\/telediarioqueretaro.co\/wp-content\/uploads\/2023\/04\/Screenshot_1-1.png 607w, https:\/\/telediarioqueretaro.co\/wp-content\/uploads\/2023\/04\/Screenshot_1-1-300x215.png 300w\" sizes=\"auto, (max-width: 607px) 100vw, 607px\" \/><\/figure>\n\n\n\n<p>Este fin de semana, reconoci\u00f3 que particip\u00f3 en diferentes eventos en Quer\u00e9taro para presentar el libro de su amigo, el canciller Marcelo Ebrard, lo cual, subray\u00f3, es un acto de libertad de expresi\u00f3n y cultural.<br>Reporteros le refirieron que hay denuncias del PAN contra \u00e9l y su equipo por supuestos actos anticipados de campa\u00f1a.<\/p>\n\n\n\n<p>Nieto Castillo destac\u00f3 que \u00e9l tiene experiencia en materia electoral y presentar\u00e1 la defensa que corresponde, porque dijo, no se pueden afectar los derechos establecidos en la Constituci\u00f3n y en el pacto internacional de derechos pol\u00edtico.<\/p>\n\n\n\n<p>Agreg\u00f3 que estas presentaciones fomentan la lectura en un pa\u00eds al que le hace falta incentivar este ejercicio, por lo que calific\u00f3 como \u201crid\u00edculas\u201d las denuncias que interpuso el partido blanquiazul.<\/p>\n\n\n\n<p>Reconoci\u00f3 que ya recibieron las notificaciones y que dar\u00e1n respuesta en tiempo y forma de acuerdo con la legislaci\u00f3n en materia electoral; en total son dos denuncias del PAN y otras dos contra personas vinculadas a Marcelo Ebrard, pero que no han sido en Quer\u00e9taro.<\/p>\n\n\n\n<p>Aclar\u00f3 que \u00e9l hace la presentaci\u00f3n del libro en d\u00edas inh\u00e1biles, adem\u00e1s de explicar que la norma electoral proh\u00edbe actos anticipados de campa\u00f1a cuando est\u00e1 activo el proceso electoral o ya est\u00e1n en campa\u00f1a, y en este a\u00f1o el periodo electoral inicia en septiembre.<\/p>\n","protected":false},"excerpt":{"rendered":"<p>El encargado de despacho de la procuradur\u00eda de Hidalgo afirma que los eventos para presentar el libro de Marcelo Ebrard es un acto de libertad de expresi\u00f3n Santiago Nieto Castillo, encargado de despacho de la Procuradur\u00eda de Hidalgo, rechaz\u00f3 que est\u00e9 realizando actos anticipados de campa\u00f1a en Quer\u00e9taro, entidad en [&hellip;]<\/p>\n","protected":false},"author":2,"featured_media":0,"comment_status":"open","ping_status":"open","sticky":false,"template":"","format":"standard","meta":{"footnotes":""},"categories":[1],"tags":[],"class_list":["post-280","post","type-post","status-publish","format-standard","hentry","category-sin-categoria"],"_links":{"self":[{"href":"https:\/\/telediarioqueretaro.co\/index.php?rest_route=\/wp\/v2\/posts\/280","targetHints":{"allow":["GET"]}}],"collection":[{"href":"https:\/\/telediarioqueretaro.co\/index.php?rest_route=\/wp\/v2\/posts"}],"about":[{"href":"https:\/\/telediarioqueretaro.co\/index.php?rest_route=\/wp\/v2\/types\/post"}],"author":[{"embeddable":true,"href":"https:\/\/telediarioqueretaro.co\/index.php?rest_route=\/wp\/v2\/users\/2"}],"replies":[{"embeddable":true,"href":"https:\/\/telediarioqueretaro.co\/index.php?rest_route=%2Fwp%2Fv2%2Fcomments&post=280"}],"version-history":[{"count":1,"href":"https:\/\/telediarioqueretaro.co\/index.php?rest_route=\/wp\/v2\/posts\/280\/revisions"}],"predecessor-version":[{"id":282,"href":"https:\/\/telediarioqueretaro.co\/index.php?rest_route=\/wp\/v2\/posts\/280\/revisions\/282"}],"wp:attachment":[{"href":"https:\/\/telediarioqueretaro.co\/index.php?rest_route=%2Fwp%2Fv2%2Fmedia&parent=280"}],"wp:term":[{"taxonomy":"category","embeddable":true,"href":"https:\/\/telediarioqueretaro.co\/index.php?rest_route=%2Fwp%2Fv2%2Fcategories&post=280"},{"taxonomy":"post_tag","embeddable":true,"href":"https:\/\/telediarioqueretaro.co\/index.php?rest_route=%2Fwp%2Fv2%2Ftags&post=280"}],"curies":[{"name":"wp","href":"https:\/\/api.w.org\/{rel}","templated":true}]}}