{"id":2858,"date":"2023-10-26T12:48:31","date_gmt":"2023-10-26T12:48:31","guid":{"rendered":"https:\/\/telediarioqueretaro.co\/?p=2858"},"modified":"2023-10-26T12:48:32","modified_gmt":"2023-10-26T12:48:32","slug":"invita-titular-de-sejuve-a-participar-en-la-convocatoria-creajolote","status":"publish","type":"post","link":"https:\/\/telediarioqueretaro.co\/?p=2858","title":{"rendered":"Invita Titular De SEJUVE A Participar En La Convocatoria Creajolote"},"content":{"rendered":"\n<figure class=\"wp-block-image size-large\"><img loading=\"lazy\" decoding=\"async\" width=\"1024\" height=\"609\" src=\"https:\/\/telediarioqueretaro.co\/wp-content\/uploads\/2023\/10\/image-36-1024x609.png\" alt=\"\" class=\"wp-image-2859\" srcset=\"https:\/\/telediarioqueretaro.co\/wp-content\/uploads\/2023\/10\/image-36-1024x609.png 1024w, https:\/\/telediarioqueretaro.co\/wp-content\/uploads\/2023\/10\/image-36-300x178.png 300w, https:\/\/telediarioqueretaro.co\/wp-content\/uploads\/2023\/10\/image-36-768x457.png 768w, https:\/\/telediarioqueretaro.co\/wp-content\/uploads\/2023\/10\/image-36.png 1080w\" sizes=\"auto, (max-width: 1024px) 100vw, 1024px\" \/><\/figure>\n\n\n\n<p>La titular de la Secretar\u00eda de la Juventud, Virginia Hern\u00e1ndez V\u00e1zquez, invit\u00f3 a las y los j\u00f3venes a participar en la convocatoria Creajolote, la cual tiene como objetivo impulsar el talento de las y los artistas pl\u00e1sticos del estado mediante la decoraci\u00f3n de una pieza de cartoner\u00eda que representa al embajador de la dependencia, el ajolote Juve.<\/p>\n\n\n\n<p>\u201cEn Quer\u00e9taro hay mucho talento y desde la Secretar\u00eda queremos impulsarlo, abrir espacios para las diferentes expresiones art\u00edsticas y con esta convocatoria buscamos promover las artes pl\u00e1sticas, dar a conocer a las y los j\u00f3venes que se dedican a \u00e9stas y que a trav\u00e9s del arte puedan compartir tambi\u00e9n el significado de ser joven\u201d, expres\u00f3.<\/p>\n\n\n\n<p>Detall\u00f3 que las y los participantes deber\u00e1n presentar su dise\u00f1o, en tama\u00f1o carta, basado en la tem\u00e1tica: \u00bfQu\u00e9 representa para ti ser joven?, adem\u00e1s de un listado detallado de la t\u00e9cnica y los materiales que se van a utilizar para desarrollar su obra.<\/p>\n\n\n\n<p>La funcionaria estatal, explic\u00f3 que se seleccionar\u00e1n a 15 bocetos como semifinalistas, ser\u00e1n estos j\u00f3venes quienes recibir\u00e1n una pieza de cartoner\u00eda de un metro de largo aproximadamente, montada sobre una base de madera, la cual podr\u00e1n intervenir y\/o modificar con los materiales que deseen seg\u00fan el proyecto que presentaron.<\/p>\n\n\n\n<p>Cabe mencionar que se destinar\u00e1 una bolsa de 85 mil pesos para premiar a los primeros cinco lugares y las y los interesados pueden realizar su registro a trav\u00e9s de la p\u00e1gina oficial de la dependencia sejuve.queretaro.gob.mx y tienen hasta el 19 de noviembre para realizar su inscripci\u00f3n, dicha convocatoria est\u00e1 dirigida a j\u00f3venes de entre 20 y 29 a\u00f1os.<\/p>\n","protected":false},"excerpt":{"rendered":"<p>La titular de la Secretar\u00eda de la Juventud, Virginia Hern\u00e1ndez V\u00e1zquez, invit\u00f3 a las y los j\u00f3venes a participar en la convocatoria Creajolote, la cual tiene como objetivo impulsar el talento de las y los artistas pl\u00e1sticos del estado mediante la decoraci\u00f3n de una pieza de cartoner\u00eda que representa al [&hellip;]<\/p>\n","protected":false},"author":2,"featured_media":2859,"comment_status":"open","ping_status":"open","sticky":false,"template":"","format":"standard","meta":{"footnotes":""},"categories":[1],"tags":[],"class_list":["post-2858","post","type-post","status-publish","format-standard","has-post-thumbnail","hentry","category-sin-categoria"],"_links":{"self":[{"href":"https:\/\/telediarioqueretaro.co\/index.php?rest_route=\/wp\/v2\/posts\/2858","targetHints":{"allow":["GET"]}}],"collection":[{"href":"https:\/\/telediarioqueretaro.co\/index.php?rest_route=\/wp\/v2\/posts"}],"about":[{"href":"https:\/\/telediarioqueretaro.co\/index.php?rest_route=\/wp\/v2\/types\/post"}],"author":[{"embeddable":true,"href":"https:\/\/telediarioqueretaro.co\/index.php?rest_route=\/wp\/v2\/users\/2"}],"replies":[{"embeddable":true,"href":"https:\/\/telediarioqueretaro.co\/index.php?rest_route=%2Fwp%2Fv2%2Fcomments&post=2858"}],"version-history":[{"count":1,"href":"https:\/\/telediarioqueretaro.co\/index.php?rest_route=\/wp\/v2\/posts\/2858\/revisions"}],"predecessor-version":[{"id":2860,"href":"https:\/\/telediarioqueretaro.co\/index.php?rest_route=\/wp\/v2\/posts\/2858\/revisions\/2860"}],"wp:featuredmedia":[{"embeddable":true,"href":"https:\/\/telediarioqueretaro.co\/index.php?rest_route=\/wp\/v2\/media\/2859"}],"wp:attachment":[{"href":"https:\/\/telediarioqueretaro.co\/index.php?rest_route=%2Fwp%2Fv2%2Fmedia&parent=2858"}],"wp:term":[{"taxonomy":"category","embeddable":true,"href":"https:\/\/telediarioqueretaro.co\/index.php?rest_route=%2Fwp%2Fv2%2Fcategories&post=2858"},{"taxonomy":"post_tag","embeddable":true,"href":"https:\/\/telediarioqueretaro.co\/index.php?rest_route=%2Fwp%2Fv2%2Ftags&post=2858"}],"curies":[{"name":"wp","href":"https:\/\/api.w.org\/{rel}","templated":true}]}}