{"id":2864,"date":"2023-10-27T12:51:55","date_gmt":"2023-10-27T12:51:55","guid":{"rendered":"https:\/\/telediarioqueretaro.co\/?p=2864"},"modified":"2023-10-27T12:52:07","modified_gmt":"2023-10-27T12:52:07","slug":"encabeza-marco-del-prete-quinta-asamblea-de-la-amsde","status":"publish","type":"post","link":"https:\/\/telediarioqueretaro.co\/?p=2864","title":{"rendered":"Encabeza Marco Del Prete Quinta Asamblea De La AMSDE"},"content":{"rendered":"\n<figure class=\"wp-block-image size-large\"><img loading=\"lazy\" decoding=\"async\" width=\"1024\" height=\"543\" src=\"https:\/\/telediarioqueretaro.co\/wp-content\/uploads\/2023\/10\/image-38-1024x543.png\" alt=\"\" class=\"wp-image-2865\" srcset=\"https:\/\/telediarioqueretaro.co\/wp-content\/uploads\/2023\/10\/image-38-1024x543.png 1024w, https:\/\/telediarioqueretaro.co\/wp-content\/uploads\/2023\/10\/image-38-300x159.png 300w, https:\/\/telediarioqueretaro.co\/wp-content\/uploads\/2023\/10\/image-38-768x407.png 768w, https:\/\/telediarioqueretaro.co\/wp-content\/uploads\/2023\/10\/image-38.png 1210w\" sizes=\"auto, (max-width: 1024px) 100vw, 1024px\" \/><\/figure>\n\n\n\n<p>El titular de la Secretar\u00eda de Desarrollo Sustentable (SEDESU) y presidente de la Asociaci\u00f3n Mexicana de Secretarios de Desarrollo Econ\u00f3mico, Marco Antonio Del Prete Tercero, present\u00f3 su informe de actividades en el marco de la Quinta Asamblea General Ordinaria de la AMSDE, evento realizado en el estado de Chiapas.<\/p>\n\n\n\n<p>Del Prete Tercero asegur\u00f3 que a trav\u00e9s de la agenda de trabajo planteada en esta asamblea se busca generar oportunidades para fortalecer la actividad econ\u00f3mica de los 32 estados, por lo que se impulsan temas como el financiamiento de las Peque\u00f1as y Medianas Empresas (PyMEs) en colaboraci\u00f3n con la Asociaci\u00f3n de Bancos de M\u00e9xico.<\/p>\n\n\n\n<p>En cuanto a la adopci\u00f3n de nuevas herramientas para aprovechar las oportunidades que representa la relocalizaci\u00f3n de las empresas, se dio a conocer el programa de certificaci\u00f3n del organismo COMPECER, al que pueden acceder las PyMEs como una herramienta para el aprovechamiento del Nearshoring.<\/p>\n\n\n\n<p>Asimismo, el presidente de AMSDE inform\u00f3 que se establecer\u00e1 una alianza con el International Economic Development Council (IEDC) para la profesionalizaci\u00f3n de los funcionarios p\u00fablicos dedicados al desarrollo econ\u00f3mico en los estados, de acuerdo a las tendencias que demanda la industria.<\/p>\n\n\n\n<p>Durante la sesi\u00f3n, tambi\u00e9n se habl\u00f3 del crecimiento de la industria de los Data Center, un nuevo sector que est\u00e1 generando un alto impacto en cuanto a la transformaci\u00f3n digital del pa\u00eds, ya que marca las bases para un futuro tecnol\u00f3gico y representa nuevas oportunidades de negocio.<\/p>\n\n\n\n<p>Finalmente, en el marco de estas actividades, Marco Del Prete asisti\u00f3 a la inauguraci\u00f3n de la planta de Coffee Mate, espacio en el que felicit\u00f3 a la empresa por la implementaci\u00f3n de tecnolog\u00edas que mejoran la eficiencia de producci\u00f3n y promueven la sostenibilidad ambiental, desde control automatizado, hasta pr\u00e1cticas responsables con el medio ambiente.<\/p>\n","protected":false},"excerpt":{"rendered":"<p>El titular de la Secretar\u00eda de Desarrollo Sustentable (SEDESU) y presidente de la Asociaci\u00f3n Mexicana de Secretarios de Desarrollo Econ\u00f3mico, Marco Antonio Del Prete Tercero, present\u00f3 su informe de actividades en el marco de la Quinta Asamblea General Ordinaria de la AMSDE, evento realizado en el estado de Chiapas. Del [&hellip;]<\/p>\n","protected":false},"author":2,"featured_media":2865,"comment_status":"open","ping_status":"open","sticky":false,"template":"","format":"standard","meta":{"footnotes":""},"categories":[1],"tags":[],"class_list":["post-2864","post","type-post","status-publish","format-standard","has-post-thumbnail","hentry","category-sin-categoria"],"_links":{"self":[{"href":"https:\/\/telediarioqueretaro.co\/index.php?rest_route=\/wp\/v2\/posts\/2864","targetHints":{"allow":["GET"]}}],"collection":[{"href":"https:\/\/telediarioqueretaro.co\/index.php?rest_route=\/wp\/v2\/posts"}],"about":[{"href":"https:\/\/telediarioqueretaro.co\/index.php?rest_route=\/wp\/v2\/types\/post"}],"author":[{"embeddable":true,"href":"https:\/\/telediarioqueretaro.co\/index.php?rest_route=\/wp\/v2\/users\/2"}],"replies":[{"embeddable":true,"href":"https:\/\/telediarioqueretaro.co\/index.php?rest_route=%2Fwp%2Fv2%2Fcomments&post=2864"}],"version-history":[{"count":1,"href":"https:\/\/telediarioqueretaro.co\/index.php?rest_route=\/wp\/v2\/posts\/2864\/revisions"}],"predecessor-version":[{"id":2866,"href":"https:\/\/telediarioqueretaro.co\/index.php?rest_route=\/wp\/v2\/posts\/2864\/revisions\/2866"}],"wp:featuredmedia":[{"embeddable":true,"href":"https:\/\/telediarioqueretaro.co\/index.php?rest_route=\/wp\/v2\/media\/2865"}],"wp:attachment":[{"href":"https:\/\/telediarioqueretaro.co\/index.php?rest_route=%2Fwp%2Fv2%2Fmedia&parent=2864"}],"wp:term":[{"taxonomy":"category","embeddable":true,"href":"https:\/\/telediarioqueretaro.co\/index.php?rest_route=%2Fwp%2Fv2%2Fcategories&post=2864"},{"taxonomy":"post_tag","embeddable":true,"href":"https:\/\/telediarioqueretaro.co\/index.php?rest_route=%2Fwp%2Fv2%2Ftags&post=2864"}],"curies":[{"name":"wp","href":"https:\/\/api.w.org\/{rel}","templated":true}]}}