{"id":2867,"date":"2023-10-27T12:53:14","date_gmt":"2023-10-27T12:53:14","guid":{"rendered":"https:\/\/telediarioqueretaro.co\/?p=2867"},"modified":"2023-10-27T12:53:15","modified_gmt":"2023-10-27T12:53:15","slug":"presenta-municipio-de-queretaro-el-documental-somos-el-barrio","status":"publish","type":"post","link":"https:\/\/telediarioqueretaro.co\/?p=2867","title":{"rendered":"Presenta Municipio De Quer\u00e9taro El Documental \u201cSomos El Barrio\u201d"},"content":{"rendered":"\n<figure class=\"wp-block-image size-large\"><img loading=\"lazy\" decoding=\"async\" width=\"1024\" height=\"543\" src=\"https:\/\/telediarioqueretaro.co\/wp-content\/uploads\/2023\/10\/image-39-1024x543.png\" alt=\"\" class=\"wp-image-2868\" srcset=\"https:\/\/telediarioqueretaro.co\/wp-content\/uploads\/2023\/10\/image-39-1024x543.png 1024w, https:\/\/telediarioqueretaro.co\/wp-content\/uploads\/2023\/10\/image-39-300x159.png 300w, https:\/\/telediarioqueretaro.co\/wp-content\/uploads\/2023\/10\/image-39-768x407.png 768w, https:\/\/telediarioqueretaro.co\/wp-content\/uploads\/2023\/10\/image-39.png 1210w\" sizes=\"auto, (max-width: 1024px) 100vw, 1024px\" \/><\/figure>\n\n\n\n<p>Refleja un programa en el que apostamos para darle mejores herramientas para su vida a las y los j\u00f3venes del barrio, dijo Luis Nava.<\/p>\n\n\n\n<p>\u2022 Se proyectar\u00e1 para toda la ciudadan\u00eda los d\u00edas 9, 10 y 12 de noviembre, y el 1, 2 y 3 de diciembre en la Cineteca Rosal\u00edo Solano.<\/p>\n\n\n\n<p>En un esfuerzo de hacer la diferencia en la comunicaci\u00f3n de una pol\u00edtica p\u00fablica, el Presidente Municipal de Quer\u00e9taro, Luis Nava, present\u00f3 a medios de comunicaci\u00f3n el documental \u201cSomos el Barrio\u201d, que muestra la historia de cuatro j\u00f3venes que participan en el programa de prevenci\u00f3n social de la violencia \u201cSomos Quer\u00e9taro. Contigo Prevenimos\u201d y que inici\u00f3 en 2021 con la firma del \u201cAcuerdo por Barrio\u201d.<\/p>\n\n\n\n<p>\u201cEste documental retrata tambi\u00e9n las problem\u00e1ticas que se viven al interior de los hogares y que son problem\u00e1ticas que no solo visibilizamos con este documental, sino tambi\u00e9n que estamos atendiendo desde la parte institucional. Es as\u00ed que, con este programa social y con esta propuesta cinematogr\u00e1fica, le apostamos a darle a los j\u00f3venes mejores herramientas para su vida, para que tengan un mejor futuro en el Quer\u00e9taro que queremos\u201d, se\u00f1al\u00f3 el Alcalde.<\/p>\n\n\n\n<p>Luis Nava record\u00f3 que en febrero de 2021 se reuni\u00f3 por primera vez con j\u00f3venes de 29 pandillas de las colonias Menchaca II, 5 Halcones, Ignacio P\u00e9rez, Real de Espa\u00f1a, San Jos\u00e9 el Alto, Pe\u00f1uelas y Mujeres Independientes de la delegaci\u00f3n Epigmenio Gonz\u00e1lez, con quienes posteriormente firm\u00f3 el Acuerdo por el Barrio y a partir del cual se implementaron talleres formativos y de capacitaci\u00f3n, adem\u00e1s de articularse otros diversos apoyos que respondieron a las inquietudes de los chavos manifestaban.<\/p>\n\n\n\n<p>Agreg\u00f3 Luis Nava que esta estrategia trabaj\u00f3 con 439 j\u00f3venes integrantes de las pandillas, entre ellos los protagonistas del documental: Jos\u00e9 Mar\u00eda Gonz\u00e1lez Flores, alias \u201cChema\u201d; David Miranda Hern\u00e1ndez, \u201cDMH\u201d; Everardo Mata Paredes \u201cPeluz\u00edn\u201d; y Abigail Le\u00f3n P\u00e9rez, a quien le apodan \u201cLa Macho\u201d, quienes dejaron constancia de su vida en este formato cinematogr\u00e1fico con el que el Municipio de Quer\u00e9taro busca que la ciudadan\u00eda visibilice su realidad.<\/p>\n\n\n\n<p>El Coordinador de Comunicaci\u00f3n Social del Municipio de Quer\u00e9taro, Dante Aguilar Calvo, se\u00f1al\u00f3 que \u201ccon este trabajo cinematogr\u00e1fico estamos creando una nueva din\u00e1mica de comunicaci\u00f3n gubernamental y m\u00e1s en un municipio con un valor humano, muy importante eso; y lo hacemos con mucha pasi\u00f3n, por el Quer\u00e9taro que tanto queremos\u201d.<\/p>\n\n\n\n<p>Inform\u00f3 tambi\u00e9n que la premier del documental ser\u00e1 el pr\u00f3ximo 7 de noviembre en la Cineteca Rosal\u00edo Solano, y que se abrir\u00e1 un plan de proyecci\u00f3n para que toda la ciudadan\u00eda pueda verlo los d\u00edas 9, 10 y 12 de noviembre, as\u00ed como el 1, 2 y 3 de diciembre, en la misma cineteca.<\/p>\n","protected":false},"excerpt":{"rendered":"<p>Refleja un programa en el que apostamos para darle mejores herramientas para su vida a las y los j\u00f3venes del barrio, dijo Luis Nava. \u2022 Se proyectar\u00e1 para toda la ciudadan\u00eda los d\u00edas 9, 10 y 12 de noviembre, y el 1, 2 y 3 de diciembre en la Cineteca [&hellip;]<\/p>\n","protected":false},"author":2,"featured_media":2868,"comment_status":"open","ping_status":"open","sticky":false,"template":"","format":"standard","meta":{"footnotes":""},"categories":[1],"tags":[],"class_list":["post-2867","post","type-post","status-publish","format-standard","has-post-thumbnail","hentry","category-sin-categoria"],"_links":{"self":[{"href":"https:\/\/telediarioqueretaro.co\/index.php?rest_route=\/wp\/v2\/posts\/2867","targetHints":{"allow":["GET"]}}],"collection":[{"href":"https:\/\/telediarioqueretaro.co\/index.php?rest_route=\/wp\/v2\/posts"}],"about":[{"href":"https:\/\/telediarioqueretaro.co\/index.php?rest_route=\/wp\/v2\/types\/post"}],"author":[{"embeddable":true,"href":"https:\/\/telediarioqueretaro.co\/index.php?rest_route=\/wp\/v2\/users\/2"}],"replies":[{"embeddable":true,"href":"https:\/\/telediarioqueretaro.co\/index.php?rest_route=%2Fwp%2Fv2%2Fcomments&post=2867"}],"version-history":[{"count":1,"href":"https:\/\/telediarioqueretaro.co\/index.php?rest_route=\/wp\/v2\/posts\/2867\/revisions"}],"predecessor-version":[{"id":2869,"href":"https:\/\/telediarioqueretaro.co\/index.php?rest_route=\/wp\/v2\/posts\/2867\/revisions\/2869"}],"wp:featuredmedia":[{"embeddable":true,"href":"https:\/\/telediarioqueretaro.co\/index.php?rest_route=\/wp\/v2\/media\/2868"}],"wp:attachment":[{"href":"https:\/\/telediarioqueretaro.co\/index.php?rest_route=%2Fwp%2Fv2%2Fmedia&parent=2867"}],"wp:term":[{"taxonomy":"category","embeddable":true,"href":"https:\/\/telediarioqueretaro.co\/index.php?rest_route=%2Fwp%2Fv2%2Fcategories&post=2867"},{"taxonomy":"post_tag","embeddable":true,"href":"https:\/\/telediarioqueretaro.co\/index.php?rest_route=%2Fwp%2Fv2%2Ftags&post=2867"}],"curies":[{"name":"wp","href":"https:\/\/api.w.org\/{rel}","templated":true}]}}