{"id":2871,"date":"2023-10-30T13:13:28","date_gmt":"2023-10-30T13:13:28","guid":{"rendered":"https:\/\/telediarioqueretaro.co\/?p=2871"},"modified":"2023-10-30T13:13:28","modified_gmt":"2023-10-30T13:13:28","slug":"municipio-de-el-marques-implementara-operativo-en-panteones-durante-las-festividades-de-dia-de-muertos","status":"publish","type":"post","link":"https:\/\/telediarioqueretaro.co\/?p=2871","title":{"rendered":"Municipio De El Marqu\u00e9s Implementar\u00e1 Operativo En Panteones Durante Las Festividades De D\u00eda De Muertos"},"content":{"rendered":"\n<figure class=\"wp-block-image size-large\"><img loading=\"lazy\" decoding=\"async\" width=\"1024\" height=\"543\" src=\"https:\/\/telediarioqueretaro.co\/wp-content\/uploads\/2023\/10\/image-40-1024x543.png\" alt=\"\" class=\"wp-image-2872\" srcset=\"https:\/\/telediarioqueretaro.co\/wp-content\/uploads\/2023\/10\/image-40-1024x543.png 1024w, https:\/\/telediarioqueretaro.co\/wp-content\/uploads\/2023\/10\/image-40-300x159.png 300w, https:\/\/telediarioqueretaro.co\/wp-content\/uploads\/2023\/10\/image-40-768x407.png 768w, https:\/\/telediarioqueretaro.co\/wp-content\/uploads\/2023\/10\/image-40.png 1210w\" sizes=\"auto, (max-width: 1024px) 100vw, 1024px\" \/><\/figure>\n\n\n\n<p>Se espera una afluencia de 124 mil marquesinos en los 7 panteones.<br>\u2022 El operativo ser\u00e1 del 31 de octubre al 2 de noviembre.<\/p>\n\n\n\n<p>El municipio de El Marqu\u00e9s, a trav\u00e9s de la Secretar\u00eda de Servicios P\u00fablicos Municipales, en conjunto con la Secretar\u00eda de Seguridad P\u00fablica y Tr\u00e1nsito Municipal (SSPyM) y la Coordinaci\u00f3n de Protecci\u00f3n Civil, informa sobre el operativo que se llevar\u00e1 a cabo del 31 de octubre al 2 de noviembre, en las festividades conmemorativas del D\u00eda de Muertos.<\/p>\n\n\n\n<p>A fin de brindar seguridad y las mejores condiciones a los marquesinos que visitar\u00e1n los panteones, la Secretar\u00eda de Servicios P\u00fablicos Municipales contar\u00e1 con 120 trabajadores para el mantenimiento general, aseo p\u00fablico, \u00e1reas verdes, recolecci\u00f3n, alumbrado p\u00fablico, mantenimiento hidr\u00e1ulico y eventos especiales. Asimismo, se dispondr\u00e1n 5 camiones recolectores, 12 pipas, 7 camionetas de redilas, as\u00ed como una retroexcavadora y un cami\u00f3n.<\/p>\n\n\n\n<p>Con el objetivo de salvaguardar la integridad de los 124 mil marquesinos que se esperan en los cementerios, la Coordinaci\u00f3n de Protecci\u00f3n Civil municipal contar\u00e1 con un estado de fuerza de 55 elementos y 28 unidades distribuidas en: de respuesta r\u00e1pida, ambulancias de cuidados cr\u00edticos, Gesti\u00f3n Integral de Riesgos y Comando (GIRCOM), Razor (RZR), y drones.<\/p>\n\n\n\n<p>Por su parte, la Secretar\u00eda de Seguridad P\u00fablica y Tr\u00e1nsito Municipal tendr\u00e1 un despliegue operativo de 150 elementos distribuidos en los 7 panteones del municipio. A su vez, monitorear\u00e1n 50 patrullas, 10 motopatrullas, una unidad de control y comando C16, as\u00ed como el Grupo de Adiestramiento Canino K9.<\/p>\n\n\n\n<p>Los cementerios donde se realizar\u00e1 el operativo ser\u00e1 en La Ca\u00f1ada, Atongo, Tierra Blanca, Palo Alto, Amazcala, Santa Mar\u00eda de Ba\u00f1os y San Miguel Amazcala, mismos que tendr\u00e1n diversos horarios de apertura y cierre, por lo que se recomienda consultar las redes sociales de la Secretar\u00eda de Servicios P\u00fablicos Municipales, para m\u00e1s informaci\u00f3n.<\/p>\n","protected":false},"excerpt":{"rendered":"<p>Se espera una afluencia de 124 mil marquesinos en los 7 panteones.\u2022 El operativo ser\u00e1 del 31 de octubre al 2 de noviembre. El municipio de El Marqu\u00e9s, a trav\u00e9s de la Secretar\u00eda de Servicios P\u00fablicos Municipales, en conjunto con la Secretar\u00eda de Seguridad P\u00fablica y Tr\u00e1nsito Municipal (SSPyM) y [&hellip;]<\/p>\n","protected":false},"author":2,"featured_media":2872,"comment_status":"open","ping_status":"open","sticky":false,"template":"","format":"standard","meta":{"footnotes":""},"categories":[1],"tags":[],"class_list":["post-2871","post","type-post","status-publish","format-standard","has-post-thumbnail","hentry","category-sin-categoria"],"_links":{"self":[{"href":"https:\/\/telediarioqueretaro.co\/index.php?rest_route=\/wp\/v2\/posts\/2871","targetHints":{"allow":["GET"]}}],"collection":[{"href":"https:\/\/telediarioqueretaro.co\/index.php?rest_route=\/wp\/v2\/posts"}],"about":[{"href":"https:\/\/telediarioqueretaro.co\/index.php?rest_route=\/wp\/v2\/types\/post"}],"author":[{"embeddable":true,"href":"https:\/\/telediarioqueretaro.co\/index.php?rest_route=\/wp\/v2\/users\/2"}],"replies":[{"embeddable":true,"href":"https:\/\/telediarioqueretaro.co\/index.php?rest_route=%2Fwp%2Fv2%2Fcomments&post=2871"}],"version-history":[{"count":1,"href":"https:\/\/telediarioqueretaro.co\/index.php?rest_route=\/wp\/v2\/posts\/2871\/revisions"}],"predecessor-version":[{"id":2873,"href":"https:\/\/telediarioqueretaro.co\/index.php?rest_route=\/wp\/v2\/posts\/2871\/revisions\/2873"}],"wp:featuredmedia":[{"embeddable":true,"href":"https:\/\/telediarioqueretaro.co\/index.php?rest_route=\/wp\/v2\/media\/2872"}],"wp:attachment":[{"href":"https:\/\/telediarioqueretaro.co\/index.php?rest_route=%2Fwp%2Fv2%2Fmedia&parent=2871"}],"wp:term":[{"taxonomy":"category","embeddable":true,"href":"https:\/\/telediarioqueretaro.co\/index.php?rest_route=%2Fwp%2Fv2%2Fcategories&post=2871"},{"taxonomy":"post_tag","embeddable":true,"href":"https:\/\/telediarioqueretaro.co\/index.php?rest_route=%2Fwp%2Fv2%2Ftags&post=2871"}],"curies":[{"name":"wp","href":"https:\/\/api.w.org\/{rel}","templated":true}]}}