{"id":2921,"date":"2023-11-08T12:46:09","date_gmt":"2023-11-08T12:46:09","guid":{"rendered":"https:\/\/telediarioqueretaro.co\/?p=2921"},"modified":"2023-11-08T12:46:44","modified_gmt":"2023-11-08T12:46:44","slug":"municipio-de-queretaro-estrena-el-documental-somos-el-barrio","status":"publish","type":"post","link":"https:\/\/telediarioqueretaro.co\/?p=2921","title":{"rendered":"Municipio De Quer\u00e9taro Estrena El Documental \u201cSomos El Barrio\u201d"},"content":{"rendered":"\n<figure class=\"wp-block-image size-large\"><img loading=\"lazy\" decoding=\"async\" width=\"1024\" height=\"543\" src=\"https:\/\/telediarioqueretaro.co\/wp-content\/uploads\/2023\/11\/image-10-1024x543.png\" alt=\"\" class=\"wp-image-2922\" srcset=\"https:\/\/telediarioqueretaro.co\/wp-content\/uploads\/2023\/11\/image-10-1024x543.png 1024w, https:\/\/telediarioqueretaro.co\/wp-content\/uploads\/2023\/11\/image-10-300x159.png 300w, https:\/\/telediarioqueretaro.co\/wp-content\/uploads\/2023\/11\/image-10-768x407.png 768w, https:\/\/telediarioqueretaro.co\/wp-content\/uploads\/2023\/11\/image-10.png 1210w\" sizes=\"auto, (max-width: 1024px) 100vw, 1024px\" \/><\/figure>\n\n\n\n<p>El Presidente Municipal de Quer\u00e9taro, Luis Nava, en compa\u00f1\u00eda de su esposa y Presidenta del Patronato del Sistema Municipal DIF, Arah\u00ed Dom\u00ednguez, acudi\u00f3 al estreno del documental \u201cSomos el Barrio\u201d, un esfuerzo que busca hacer la diferencia en la comunicaci\u00f3n de una pol\u00edtica p\u00fablica, al mostrar la realidad de 4 j\u00f3venes que enfrentan distintas problem\u00e1ticas, y la manera en que el gobierno municipal interact\u00faa con ellos para ayudarles a salir adelante.<\/p>\n\n\n\n<p>\u201cCreo que es un documental que nos va permitir generar un poco m\u00e1s de sensibilidad, m\u00e1s empat\u00eda y sobre todo un gran compromiso social, un gran compromiso de que nadie se nos quede atr\u00e1s de que trabajemos con todos, porque todos somos Quer\u00e9taro\u201d, se\u00f1al\u00f3 Luis Nava.<\/p>\n\n\n\n<p>Explic\u00f3 que el documental es testimonio de una pol\u00edtica p\u00fablica centrada y dise\u00f1ada para y con las personas, y con la que se logr\u00f3 de inicio la tregua entre bandas para reconocerse como parte de una sola que es el municipio de Quer\u00e9taro. Adem\u00e1s dijo, el documental muestra el principio de muchas historias que est\u00e1n por venir, historias de cambio, de esfuerzo, de \u00e9xito, historias que deben motivarnos para caminar juntos hacia ese Quer\u00e9taro m\u00e1s justo e incluyente que tanto queremos.<\/p>\n\n\n\n<p>Ante decenas de invitados de diversos sectores de la sociedad, los protagonistas del filme y sus familias que se dieron cita en la Cineteca Rosal\u00edo Solano, el Coordinador de Comunicaci\u00f3n Social del Municipio de Quer\u00e9taro, Dante Aguilar Calvo, respondi\u00f3 la pregunta del por qu\u00e9 el Municipio hace un documental sobre j\u00f3venes de pandillas, \u00aby es porque finalmente hubo un gobierno que se acerc\u00f3 con ellos para escucharlos y trabajar con ellos, para brindarles oportunidades. Porque para nosotros era apostarle a una nueva forma de comunicar, hacer la diferencia, y transmitir historias y emociones con un valor humano\u00bb.<\/p>\n\n\n\n<p>El documental \u201cSomos el Barrio\u201d se proyectar\u00e1 en la Cineteca Rosal\u00edo Solano los d\u00edas 9 y 10 de noviembre a las 15:00 horas; mientras que el 12 de noviembre la proyecci\u00f3n ser\u00e1 a las 14:00 horas; y el 1, 2 y 3 de diciembre se proyectar\u00e1 a las 15:00 horas, para que la ciudadan\u00eda pueda asistir a verlo.<\/p>\n\n\n\n<p>Cabe mencionar que el trabajo con los chavos de barrio inici\u00f3 de manera formal en febrero de 2021, cuando Luis Nava se reuni\u00f3 por primera vez con j\u00f3venes de 29 pandillas de las colonias Menchaca II, 5 Halcones, Ignacio P\u00e9rez, Real de Espa\u00f1a, San Jos\u00e9 el Alto, Pe\u00f1uelas y Mujeres Independientes, con quienes posteriormente firm\u00f3 el Acuerdo por el Barrio, y a partir del cual se implementaron talleres formativos y de capacitaci\u00f3n.<\/p>\n\n\n\n<p>Dentro de esta estrategia se trabaj\u00f3 con 439 j\u00f3venes integrantes de diversas pandillas, entre ellos los protagonistas del documental: Jos\u00e9 Mar\u00eda Gonz\u00e1lez Flores, alias \u201cChema\u201d; David Miranda Hern\u00e1ndez, alias \u201cDMH\u201d; Everardo Mata Paredes, el \u201cPeluz\u00edn\u201d; y Abigail Le\u00f3n P\u00e9rez, a quien le apodan \u201cLa Macho\u201d; quienes dejaron constancia de su vida en este formato cinematogr\u00e1fico con el que el Municipio de Quer\u00e9taro busca que la ciudadan\u00eda visibilice su realidad.<\/p>\n","protected":false},"excerpt":{"rendered":"<p>El Presidente Municipal de Quer\u00e9taro, Luis Nava, en compa\u00f1\u00eda de su esposa y Presidenta del Patronato del Sistema Municipal DIF, Arah\u00ed Dom\u00ednguez, acudi\u00f3 al estreno del documental \u201cSomos el Barrio\u201d, un esfuerzo que busca hacer la diferencia en la comunicaci\u00f3n de una pol\u00edtica p\u00fablica, al mostrar la realidad de 4 [&hellip;]<\/p>\n","protected":false},"author":2,"featured_media":2922,"comment_status":"open","ping_status":"open","sticky":false,"template":"","format":"standard","meta":{"footnotes":""},"categories":[1],"tags":[],"class_list":["post-2921","post","type-post","status-publish","format-standard","has-post-thumbnail","hentry","category-sin-categoria"],"_links":{"self":[{"href":"https:\/\/telediarioqueretaro.co\/index.php?rest_route=\/wp\/v2\/posts\/2921","targetHints":{"allow":["GET"]}}],"collection":[{"href":"https:\/\/telediarioqueretaro.co\/index.php?rest_route=\/wp\/v2\/posts"}],"about":[{"href":"https:\/\/telediarioqueretaro.co\/index.php?rest_route=\/wp\/v2\/types\/post"}],"author":[{"embeddable":true,"href":"https:\/\/telediarioqueretaro.co\/index.php?rest_route=\/wp\/v2\/users\/2"}],"replies":[{"embeddable":true,"href":"https:\/\/telediarioqueretaro.co\/index.php?rest_route=%2Fwp%2Fv2%2Fcomments&post=2921"}],"version-history":[{"count":1,"href":"https:\/\/telediarioqueretaro.co\/index.php?rest_route=\/wp\/v2\/posts\/2921\/revisions"}],"predecessor-version":[{"id":2923,"href":"https:\/\/telediarioqueretaro.co\/index.php?rest_route=\/wp\/v2\/posts\/2921\/revisions\/2923"}],"wp:featuredmedia":[{"embeddable":true,"href":"https:\/\/telediarioqueretaro.co\/index.php?rest_route=\/wp\/v2\/media\/2922"}],"wp:attachment":[{"href":"https:\/\/telediarioqueretaro.co\/index.php?rest_route=%2Fwp%2Fv2%2Fmedia&parent=2921"}],"wp:term":[{"taxonomy":"category","embeddable":true,"href":"https:\/\/telediarioqueretaro.co\/index.php?rest_route=%2Fwp%2Fv2%2Fcategories&post=2921"},{"taxonomy":"post_tag","embeddable":true,"href":"https:\/\/telediarioqueretaro.co\/index.php?rest_route=%2Fwp%2Fv2%2Ftags&post=2921"}],"curies":[{"name":"wp","href":"https:\/\/api.w.org\/{rel}","templated":true}]}}