{"id":2931,"date":"2023-11-09T12:27:15","date_gmt":"2023-11-09T12:27:15","guid":{"rendered":"https:\/\/telediarioqueretaro.co\/?p=2931"},"modified":"2023-11-09T12:27:15","modified_gmt":"2023-11-09T12:27:15","slug":"sorpresiva-la-renuncia-de-arturo-zaldivar","status":"publish","type":"post","link":"https:\/\/telediarioqueretaro.co\/?p=2931","title":{"rendered":"Sorpresiva La Renuncia De Arturo Zald\u00edvar"},"content":{"rendered":"\n<figure class=\"wp-block-image\"><img decoding=\"async\" src=\"https:\/\/queretaro24-7.com\/wp-content\/uploads\/2023\/11\/WhatsApp-Image-2023-11-08-at-10.23.31-AM-1210x642.jpeg\" alt=\"\"\/><\/figure>\n\n\n\n<p>Mauricio Kuri Gonz\u00e1lez, gobernador de Quer\u00e9taro, dijo que fue una sorpresa la renuncia del ministro Arturo Zald\u00edvar Lelo de Larrea, quien dej\u00f3 su cargo en la Suprema Corte de Justucia de la Naci\u00f3n.<br>Sin embargo, reconoci\u00f3 que est\u00e1 en su derecho de elegir su futuro profesional y se\u00f1al\u00f3 que es alguien que le cae \u00abmuy bien\u00bb.<\/p>\n\n\n\n<p><br>\u00abEs un tema que para m\u00ed s\u00ed fue sorpresivo. Conozco muy bien al ministro Sald\u00edvar, es queretano, y le deseo la mejor de las suertes en donde \u00e9l quiere estar. Para m\u00ed fue sorpresivo. Yo creo que cada quien es libre de disponerse a donde quiere tener su futuro. \u00c9l no puede tener un cargo ni de senador ni fiscal en los pr\u00f3ximos dos a\u00f1os, pero es una decisi\u00f3n de \u00e9l y yo lo conozco y es una persona que me cae muy bien\u00bb.<br>Arturo Zald\u00edvar hizo p\u00fablica su renuncia el pasado martes y el mismo d\u00eda se public\u00f3 una fotograf\u00eda con Claudia Sheinbaum aludiendo a su adhesi\u00f3n para apoyar el proyecto de quien ser\u00e1 candidata a la presidencia de la Rep\u00fablica por la llamada 4T.<\/p>\n","protected":false},"excerpt":{"rendered":"<p>Mauricio Kuri Gonz\u00e1lez, gobernador de Quer\u00e9taro, dijo que fue una sorpresa la renuncia del ministro Arturo Zald\u00edvar Lelo de Larrea, quien dej\u00f3 su cargo en la Suprema Corte de Justucia de la Naci\u00f3n.Sin embargo, reconoci\u00f3 que est\u00e1 en su derecho de elegir su futuro profesional y se\u00f1al\u00f3 que es alguien [&hellip;]<\/p>\n","protected":false},"author":2,"featured_media":2932,"comment_status":"open","ping_status":"open","sticky":false,"template":"","format":"standard","meta":{"footnotes":""},"categories":[1],"tags":[],"class_list":["post-2931","post","type-post","status-publish","format-standard","has-post-thumbnail","hentry","category-sin-categoria"],"_links":{"self":[{"href":"https:\/\/telediarioqueretaro.co\/index.php?rest_route=\/wp\/v2\/posts\/2931","targetHints":{"allow":["GET"]}}],"collection":[{"href":"https:\/\/telediarioqueretaro.co\/index.php?rest_route=\/wp\/v2\/posts"}],"about":[{"href":"https:\/\/telediarioqueretaro.co\/index.php?rest_route=\/wp\/v2\/types\/post"}],"author":[{"embeddable":true,"href":"https:\/\/telediarioqueretaro.co\/index.php?rest_route=\/wp\/v2\/users\/2"}],"replies":[{"embeddable":true,"href":"https:\/\/telediarioqueretaro.co\/index.php?rest_route=%2Fwp%2Fv2%2Fcomments&post=2931"}],"version-history":[{"count":1,"href":"https:\/\/telediarioqueretaro.co\/index.php?rest_route=\/wp\/v2\/posts\/2931\/revisions"}],"predecessor-version":[{"id":2933,"href":"https:\/\/telediarioqueretaro.co\/index.php?rest_route=\/wp\/v2\/posts\/2931\/revisions\/2933"}],"wp:featuredmedia":[{"embeddable":true,"href":"https:\/\/telediarioqueretaro.co\/index.php?rest_route=\/wp\/v2\/media\/2932"}],"wp:attachment":[{"href":"https:\/\/telediarioqueretaro.co\/index.php?rest_route=%2Fwp%2Fv2%2Fmedia&parent=2931"}],"wp:term":[{"taxonomy":"category","embeddable":true,"href":"https:\/\/telediarioqueretaro.co\/index.php?rest_route=%2Fwp%2Fv2%2Fcategories&post=2931"},{"taxonomy":"post_tag","embeddable":true,"href":"https:\/\/telediarioqueretaro.co\/index.php?rest_route=%2Fwp%2Fv2%2Ftags&post=2931"}],"curies":[{"name":"wp","href":"https:\/\/api.w.org\/{rel}","templated":true}]}}