{"id":3005,"date":"2023-11-24T13:48:14","date_gmt":"2023-11-24T13:48:14","guid":{"rendered":"https:\/\/telediarioqueretaro.co\/?p=3005"},"modified":"2023-11-24T13:48:14","modified_gmt":"2023-11-24T13:48:14","slug":"refrenda-colegio-de-abogados-a-mayela-portos-para-el-periodo-2023-2025","status":"publish","type":"post","link":"https:\/\/telediarioqueretaro.co\/?p=3005","title":{"rendered":"Refrenda Colegio De Abogados A Mayela Portos Para El Periodo 2023-2025"},"content":{"rendered":"\n<figure class=\"wp-block-image size-large\"><img loading=\"lazy\" decoding=\"async\" width=\"1024\" height=\"543\" src=\"https:\/\/telediarioqueretaro.co\/wp-content\/uploads\/2023\/11\/image-33-1024x543.png\" alt=\"\" class=\"wp-image-3006\" srcset=\"https:\/\/telediarioqueretaro.co\/wp-content\/uploads\/2023\/11\/image-33-1024x543.png 1024w, https:\/\/telediarioqueretaro.co\/wp-content\/uploads\/2023\/11\/image-33-300x159.png 300w, https:\/\/telediarioqueretaro.co\/wp-content\/uploads\/2023\/11\/image-33-768x407.png 768w, https:\/\/telediarioqueretaro.co\/wp-content\/uploads\/2023\/11\/image-33.png 1210w\" sizes=\"auto, (max-width: 1024px) 100vw, 1024px\" \/><\/figure>\n\n\n\n<p>En sesi\u00f3n ordinaria, el Colegio de Abogados Litigantes de Quer\u00e9taro eligi\u00f3 a su nuevo Consejo Directivo para el periodo 2023-2025, que ser\u00e1 encabezado por la Mtra. Mayela Portos Hern\u00e1ndez, quien fue ratificada como Presidenta del gremio acompa\u00f1ada en la Vicepresidencia por el Dr. Norberto Alvarado Alegr\u00eda.<\/p>\n\n\n\n<p>Con el respaldo de los abogados colegiados y Ex Presidentes del gremio de juristas litigantes, Mayela Portos recibi\u00f3 el apoyo del pleno para la planilla que present\u00f3 denominada \u201cAbogados, Sociedad y Gobierno\u201d para dar continuidad a la representaci\u00f3n del Colegio de Abogados Litigantes de Quer\u00e9taro con 51 a\u00f1os de historia y tradici\u00f3n jur\u00eddica queretana.<\/p>\n\n\n\n<p>\u201cEstoy muy contenta y halagada por tener su confianza y refrendarme su apoyo que traduzco en compromiso para seguir representando al Colegio de Abogados con mayor historia y tradici\u00f3n en Quer\u00e9taro. Estoy aqu\u00ed para trabajar y que todos los d\u00edas nuestro litigio tenga un despunte y un reconocimiento social\u201d.<\/p>\n\n\n\n<p>Fue el presidente de la Federaci\u00f3n de Colegios y Asociaciones de Profesionistas del Estado de Quer\u00e9taro (FECAPEQ) Mtro. Ofir Arag\u00f3n Nieves, quien tom\u00f3 protesta al Consejo Directivo 2023-2025 del Colegio de Abogados Litigantes de Quer\u00e9taro; al tiempo de reconocer la reelecci\u00f3n de Mayela Portos como un reconocimiento a su esfuerzo, dedicaci\u00f3n y compromiso con el gremio de abogados litigantes.<\/p>\n\n\n\n<p>Mayela Portos hizo un recuento de los logros de su gesti\u00f3n y refiri\u00f3 que el piso de despegue ser\u00e1 el que hoy se tiene con un colegio reconocido y consolidado en Quer\u00e9taro para, a partir de ah\u00ed, continuar siendo la defensa de la defensa de los litigantes, en sinergia con las autoridades e impactando de manera positiva a la sociedad.<\/p>\n\n\n\n<p>\u201cEs un trabajo en equipo el que hoy se refrenda. Con la misma visi\u00f3n de abogados, sociedad y gobierno, vamos a trabajar con las autoridades para que todos los d\u00edas mejoremos el ejercicio de nuestra profesi\u00f3n, la actividad que hacemos en juzgados y en audiencias\u201d.<\/p>\n\n\n\n<p>El Consejo Directivo 2023-2025 del Colegio de Abogados Litigantes de Quer\u00e9taro qued\u00f3 conformado de la siguiente manera: Presidenta del Colegio, Mayela Portos Hern\u00e1ndez; Vicepresidente, Norberto Alvarado Alegr\u00eda; Secretario General, Guillermo Ortiz Ter\u00e1n; Tesorera, Alma Liliana Alvarado Timoteo; Vocales: Omar Espino Zaraz\u00faa, Lorena Iris Guerrero Ram\u00edrez, Juan Pablo Vega Pichardo, Walter Ram\u00edrez Rodr\u00edguez, Carlos Delgado Rodr\u00edguez, Gloria Paola Soria L\u00f3pez, El\u00edas Pozas Hern\u00e1ndez, Ana Lilia Tovar, Gabriel Omar Lucas Antonio, Jacqueline Bautista Hern\u00e1ndez, Juan Carlos Garc\u00eda Sol\u00eds, Mar\u00eda Rosal\u00eda Pichardo Ramos y Miguel \u00c1ngel Gonz\u00e1lez Salda\u00f1a.<\/p>\n\n\n\n<p>Los Cap\u00edtulos Municipales del Colegio de Abogados Litigantes, quedaron presididos de la siguiente manera: Cap\u00edtulo Cadereyta: Luis Miguel Ventura Mu\u00f1oz; Cap\u00edtulo Jalpan: Elvia Rubio Mu\u00f1oz; Cap\u00edtulo Tolim\u00e1n: Hayre Olvera S\u00e1nchez; Cap\u00edtulo San Juan del R\u00edo: Ricardo Rodr\u00edguez Mart\u00ednez; y Cap\u00edtulo Amealco: Luc\u00eda Lagos Becerril.<\/p>\n\n\n\n<p>Mayela Portos reiter\u00f3 su agradecimiento y refrend\u00f3 con el nuevo Consejo Directivo del gremio su compromiso para seguir impulsando a la abogac\u00eda desde la colegiaci\u00f3n en los 18 municipios de Quer\u00e9taro.<\/p>\n\n\n\n<p>\u201cEl apoyo que me han brindado para estar al frente del Colegio de Abogados lo traduzco en compromiso para cada uno de ustedes. Me conocen y saben que dar\u00e9 m\u00e1s del 200% por nuestro Querido Colegio de Abogados Litigantes de Quer\u00e9taro\u201d, finaliz\u00f3.<\/p>\n","protected":false},"excerpt":{"rendered":"<p>En sesi\u00f3n ordinaria, el Colegio de Abogados Litigantes de Quer\u00e9taro eligi\u00f3 a su nuevo Consejo Directivo para el periodo 2023-2025, que ser\u00e1 encabezado por la Mtra. Mayela Portos Hern\u00e1ndez, quien fue ratificada como Presidenta del gremio acompa\u00f1ada en la Vicepresidencia por el Dr. Norberto Alvarado Alegr\u00eda. Con el respaldo de [&hellip;]<\/p>\n","protected":false},"author":2,"featured_media":3006,"comment_status":"open","ping_status":"open","sticky":false,"template":"","format":"standard","meta":{"footnotes":""},"categories":[1],"tags":[],"class_list":["post-3005","post","type-post","status-publish","format-standard","has-post-thumbnail","hentry","category-sin-categoria"],"_links":{"self":[{"href":"https:\/\/telediarioqueretaro.co\/index.php?rest_route=\/wp\/v2\/posts\/3005","targetHints":{"allow":["GET"]}}],"collection":[{"href":"https:\/\/telediarioqueretaro.co\/index.php?rest_route=\/wp\/v2\/posts"}],"about":[{"href":"https:\/\/telediarioqueretaro.co\/index.php?rest_route=\/wp\/v2\/types\/post"}],"author":[{"embeddable":true,"href":"https:\/\/telediarioqueretaro.co\/index.php?rest_route=\/wp\/v2\/users\/2"}],"replies":[{"embeddable":true,"href":"https:\/\/telediarioqueretaro.co\/index.php?rest_route=%2Fwp%2Fv2%2Fcomments&post=3005"}],"version-history":[{"count":1,"href":"https:\/\/telediarioqueretaro.co\/index.php?rest_route=\/wp\/v2\/posts\/3005\/revisions"}],"predecessor-version":[{"id":3007,"href":"https:\/\/telediarioqueretaro.co\/index.php?rest_route=\/wp\/v2\/posts\/3005\/revisions\/3007"}],"wp:featuredmedia":[{"embeddable":true,"href":"https:\/\/telediarioqueretaro.co\/index.php?rest_route=\/wp\/v2\/media\/3006"}],"wp:attachment":[{"href":"https:\/\/telediarioqueretaro.co\/index.php?rest_route=%2Fwp%2Fv2%2Fmedia&parent=3005"}],"wp:term":[{"taxonomy":"category","embeddable":true,"href":"https:\/\/telediarioqueretaro.co\/index.php?rest_route=%2Fwp%2Fv2%2Fcategories&post=3005"},{"taxonomy":"post_tag","embeddable":true,"href":"https:\/\/telediarioqueretaro.co\/index.php?rest_route=%2Fwp%2Fv2%2Ftags&post=3005"}],"curies":[{"name":"wp","href":"https:\/\/api.w.org\/{rel}","templated":true}]}}