{"id":3011,"date":"2023-11-24T13:49:35","date_gmt":"2023-11-24T13:49:35","guid":{"rendered":"https:\/\/telediarioqueretaro.co\/?p=3011"},"modified":"2023-11-24T13:49:36","modified_gmt":"2023-11-24T13:49:36","slug":"inician-actividades-en-conmemoracion-del-dia-internacional-de-la-eliminacion-de-la-violencia-contra-la-mujer","status":"publish","type":"post","link":"https:\/\/telediarioqueretaro.co\/?p=3011","title":{"rendered":"Inician Actividades En Conmemoraci\u00f3n Del D\u00eda Internacional De La Eliminaci\u00f3n De La Violencia Contra La Mujer"},"content":{"rendered":"\n<figure class=\"wp-block-image size-large\"><img loading=\"lazy\" decoding=\"async\" width=\"1024\" height=\"543\" src=\"https:\/\/telediarioqueretaro.co\/wp-content\/uploads\/2023\/11\/image-35-1024x543.png\" alt=\"\" class=\"wp-image-3012\" srcset=\"https:\/\/telediarioqueretaro.co\/wp-content\/uploads\/2023\/11\/image-35-1024x543.png 1024w, https:\/\/telediarioqueretaro.co\/wp-content\/uploads\/2023\/11\/image-35-300x159.png 300w, https:\/\/telediarioqueretaro.co\/wp-content\/uploads\/2023\/11\/image-35-768x407.png 768w, https:\/\/telediarioqueretaro.co\/wp-content\/uploads\/2023\/11\/image-35.png 1210w\" sizes=\"auto, (max-width: 1024px) 100vw, 1024px\" \/><\/figure>\n\n\n\n<p>En el marco del D\u00eda Internacional de la Eliminaci\u00f3n de la Violencia contra la Mujer que se conmemora el 25 de noviembre, el Municipio de Quer\u00e9taro, a trav\u00e9s de la Secretar\u00eda de la Mujer y en colaboraci\u00f3n con el Instituto Nacional Electoral, imparti\u00f3 la conferencia \u00abLa Violencia Pol\u00edtica contra las Mujeres en Raz\u00f3n de G\u00e9nero\u00bb, destinada a prevenir y erradicar la violencia contra mujeres y ni\u00f1as en todo el mundo.<\/p>\n\n\n\n<p>La Secretaria de la Mujer, Laura Garibay Barajas, destac\u00f3 la importancia del tema abordado porque no solo vulnera los derechos fundamentales de las mujeres, sino que tambi\u00e9n afectan la salud de la democracia al excluir voces y perspectivas necesarias para una representaci\u00f3n genuina de la ciudadan\u00eda.<\/p>\n\n\n\n<p>\u201cQueda claro que tenemos una gran tarea por delante, pero el hecho de que estemos aqu\u00ed demuestra que tenemos el inter\u00e9s y la capacidad para avanzar en esta labor. Impulsemos estos espacios, que de ellos surjan m\u00e1s y mejores estrategias de acci\u00f3n, y sigamos construyendo juntas un mejor Quer\u00e9taro, un mejor pa\u00eds para las mujeres, porque un M\u00e9xico donde las mujeres viven y participan pol\u00edticamente en libertad e igualdad es el mejor M\u00e9xico, el M\u00e9xico que todas y todos queremos\u201d, se\u00f1al\u00f3.<\/p>\n\n\n\n<p>Seg\u00fan datos proporcionados durante la conferencia, a nivel global, se estima que 736 millones de mujeres, casi una de cada tres, han sido v\u00edctimas de violencia f\u00edsica y\/o sexual al menos una vez en su vida. Esta realidad resalta la urgencia de abordar y combatir la violencia contra las mujeres en todos los \u00e1mbitos de la sociedad.<\/p>\n\n\n\n<p>La conferencia fue impartida por Esmeralda Estrada P\u00e9rez, Licenciada en Administraci\u00f3n P\u00fablica y Ciencias Pol\u00edticas, as\u00ed como Maestra en Pol\u00edticas P\u00fablicas y G\u00e9nero, que se desempe\u00f1a como Coordinadora de Proyectos Acad\u00e9micos en la Direcci\u00f3n de Capacitaci\u00f3n y Educaci\u00f3n C\u00edvica del INE y quien aport\u00f3 su experiencia y conocimientos en materia de derechos humanos, g\u00e9nero, participaci\u00f3n pol\u00edtica de las mujeres y resoluci\u00f3n de conflictos.<\/p>\n\n\n\n<p>Durante esta conferencia tambi\u00e9n estuvieron presentes: Jorge V\u00e1zquez Mart\u00ednez, Vocal de Capacitaci\u00f3n Electoral y Educaci\u00f3n C\u00edvica de la Junta Local Ejecutiva del Instituto Nacional Electoral en Quer\u00e9taro, en representaci\u00f3n de Ana Lilia P\u00e9rez Mendoza, Vocal Ejecutiva de Junta Local; Janett Aguilar Mercado, Directora del Instituto Municipal de las Mujeres; Mar\u00eda del Carmen Presa Ortega, Adriana Fuentes Cort\u00e9s y Carlos Habacuc Ru\u00edz Uvalle, regidores del H. Ayuntamiento; as\u00ed como servidores p\u00fablicos del Municipio de Quer\u00e9taro.<\/p>\n","protected":false},"excerpt":{"rendered":"<p>En el marco del D\u00eda Internacional de la Eliminaci\u00f3n de la Violencia contra la Mujer que se conmemora el 25 de noviembre, el Municipio de Quer\u00e9taro, a trav\u00e9s de la Secretar\u00eda de la Mujer y en colaboraci\u00f3n con el Instituto Nacional Electoral, imparti\u00f3 la conferencia \u00abLa Violencia Pol\u00edtica contra las [&hellip;]<\/p>\n","protected":false},"author":2,"featured_media":3012,"comment_status":"open","ping_status":"open","sticky":false,"template":"","format":"standard","meta":{"footnotes":""},"categories":[1],"tags":[],"class_list":["post-3011","post","type-post","status-publish","format-standard","has-post-thumbnail","hentry","category-sin-categoria"],"_links":{"self":[{"href":"https:\/\/telediarioqueretaro.co\/index.php?rest_route=\/wp\/v2\/posts\/3011","targetHints":{"allow":["GET"]}}],"collection":[{"href":"https:\/\/telediarioqueretaro.co\/index.php?rest_route=\/wp\/v2\/posts"}],"about":[{"href":"https:\/\/telediarioqueretaro.co\/index.php?rest_route=\/wp\/v2\/types\/post"}],"author":[{"embeddable":true,"href":"https:\/\/telediarioqueretaro.co\/index.php?rest_route=\/wp\/v2\/users\/2"}],"replies":[{"embeddable":true,"href":"https:\/\/telediarioqueretaro.co\/index.php?rest_route=%2Fwp%2Fv2%2Fcomments&post=3011"}],"version-history":[{"count":1,"href":"https:\/\/telediarioqueretaro.co\/index.php?rest_route=\/wp\/v2\/posts\/3011\/revisions"}],"predecessor-version":[{"id":3013,"href":"https:\/\/telediarioqueretaro.co\/index.php?rest_route=\/wp\/v2\/posts\/3011\/revisions\/3013"}],"wp:featuredmedia":[{"embeddable":true,"href":"https:\/\/telediarioqueretaro.co\/index.php?rest_route=\/wp\/v2\/media\/3012"}],"wp:attachment":[{"href":"https:\/\/telediarioqueretaro.co\/index.php?rest_route=%2Fwp%2Fv2%2Fmedia&parent=3011"}],"wp:term":[{"taxonomy":"category","embeddable":true,"href":"https:\/\/telediarioqueretaro.co\/index.php?rest_route=%2Fwp%2Fv2%2Fcategories&post=3011"},{"taxonomy":"post_tag","embeddable":true,"href":"https:\/\/telediarioqueretaro.co\/index.php?rest_route=%2Fwp%2Fv2%2Ftags&post=3011"}],"curies":[{"name":"wp","href":"https:\/\/api.w.org\/{rel}","templated":true}]}}