{"id":3096,"date":"2023-12-18T13:22:44","date_gmt":"2023-12-18T13:22:44","guid":{"rendered":"https:\/\/telediarioqueretaro.co\/?p=3096"},"modified":"2023-12-18T13:22:44","modified_gmt":"2023-12-18T13:22:44","slug":"apoya-car-herrera-el-emprendimiento-y-economia-de-las-mujeres","status":"publish","type":"post","link":"https:\/\/telediarioqueretaro.co\/?p=3096","title":{"rendered":"Apoya Car Herrera El Emprendimiento Y Econom\u00eda De Las Mujeres"},"content":{"rendered":"\n<figure class=\"wp-block-image size-full\"><img loading=\"lazy\" decoding=\"async\" width=\"585\" height=\"418\" src=\"https:\/\/telediarioqueretaro.co\/wp-content\/uploads\/2023\/12\/image-18.png\" alt=\"\" class=\"wp-image-3097\" srcset=\"https:\/\/telediarioqueretaro.co\/wp-content\/uploads\/2023\/12\/image-18.png 585w, https:\/\/telediarioqueretaro.co\/wp-content\/uploads\/2023\/12\/image-18-300x214.png 300w\" sizes=\"auto, (max-width: 585px) 100vw, 585px\" \/><\/figure>\n\n\n\n<p>Con el objetivo de apoyar el emprendimiento de las mujeres queretanas, la presidenta del Patronato del Sistema Estatal DIF, Car Herrera de Kuri, encabez\u00f3 la Expo Venta en la Casa de la Mujer, donde se ofertaron productos elaborados por las propias usuarias que acuden a los talleres formativos y productivos.<\/p>\n\n\n\n<p>Car Herrera realiz\u00f3 un recorrido por cada uno de los m\u00f3dulos que se montaron y felicit\u00f3 a las mujeres que diariamente acuden a este centro que promueve el autoempleo y mejora la econom\u00eda familiar.<\/p>\n\n\n\n<p>\u201cTienen un talento indiscutible, sus productos est\u00e1n llenos de creatividad, felicidades por animarse a venir, inscribirse en los cursos que est\u00e1n dise\u00f1ados para que nadie se quede atr\u00e1s y puedan salir adelante\u201d, dijo.<\/p>\n\n\n\n<p>Asimismo, la titular del DIF Estatal alent\u00f3 a las mujeres a seguir prepar\u00e1ndose, adem\u00e1s de poner \u00e9nfasis en sus capacidades, no rendirse y confiar en s\u00ed mismas para aportar su trabajo y productividad por el desarrollo de Quer\u00e9taro. De igual manera, reconoci\u00f3 la voluntad y dedicaci\u00f3n de las y los maestros quienes imparten las clases y despiertan las habilidades de las mujeres.<\/p>\n\n\n\n<p>Cabe mencionar que esta expo representa la culminaci\u00f3n de meses de trabajo en los talleres, y en la venta hubo art\u00edculos de bisuter\u00eda, gelatina art\u00edstica, decoraci\u00f3n de pasteles, panader\u00eda, manualidades, bordado de list\u00f3n, tejido, arreglos florales, velas, jabones decorativos, pintura en tela, cocina y reposter\u00eda, entre otros productos.<\/p>\n\n\n\n<p>Finalmente, la actividad estuvo amenizada por un concierto de piano y la&nbsp; presentaci\u00f3n de una danza tradicional.&nbsp;<\/p>\n","protected":false},"excerpt":{"rendered":"<p>Con el objetivo de apoyar el emprendimiento de las mujeres queretanas, la presidenta del Patronato del Sistema Estatal DIF, Car Herrera de Kuri, encabez\u00f3 la Expo Venta en la Casa de la Mujer, donde se ofertaron productos elaborados por las propias usuarias que acuden a los talleres formativos y productivos. [&hellip;]<\/p>\n","protected":false},"author":2,"featured_media":3097,"comment_status":"open","ping_status":"open","sticky":false,"template":"","format":"standard","meta":{"footnotes":""},"categories":[1],"tags":[],"class_list":["post-3096","post","type-post","status-publish","format-standard","has-post-thumbnail","hentry","category-sin-categoria"],"_links":{"self":[{"href":"https:\/\/telediarioqueretaro.co\/index.php?rest_route=\/wp\/v2\/posts\/3096","targetHints":{"allow":["GET"]}}],"collection":[{"href":"https:\/\/telediarioqueretaro.co\/index.php?rest_route=\/wp\/v2\/posts"}],"about":[{"href":"https:\/\/telediarioqueretaro.co\/index.php?rest_route=\/wp\/v2\/types\/post"}],"author":[{"embeddable":true,"href":"https:\/\/telediarioqueretaro.co\/index.php?rest_route=\/wp\/v2\/users\/2"}],"replies":[{"embeddable":true,"href":"https:\/\/telediarioqueretaro.co\/index.php?rest_route=%2Fwp%2Fv2%2Fcomments&post=3096"}],"version-history":[{"count":1,"href":"https:\/\/telediarioqueretaro.co\/index.php?rest_route=\/wp\/v2\/posts\/3096\/revisions"}],"predecessor-version":[{"id":3098,"href":"https:\/\/telediarioqueretaro.co\/index.php?rest_route=\/wp\/v2\/posts\/3096\/revisions\/3098"}],"wp:featuredmedia":[{"embeddable":true,"href":"https:\/\/telediarioqueretaro.co\/index.php?rest_route=\/wp\/v2\/media\/3097"}],"wp:attachment":[{"href":"https:\/\/telediarioqueretaro.co\/index.php?rest_route=%2Fwp%2Fv2%2Fmedia&parent=3096"}],"wp:term":[{"taxonomy":"category","embeddable":true,"href":"https:\/\/telediarioqueretaro.co\/index.php?rest_route=%2Fwp%2Fv2%2Fcategories&post=3096"},{"taxonomy":"post_tag","embeddable":true,"href":"https:\/\/telediarioqueretaro.co\/index.php?rest_route=%2Fwp%2Fv2%2Ftags&post=3096"}],"curies":[{"name":"wp","href":"https:\/\/api.w.org\/{rel}","templated":true}]}}